{"id":32496,"date":"2024-08-16T09:27:20","date_gmt":"2024-08-16T13:27:20","guid":{"rendered":"https:\/\/www.radiosanctispiritus.cu\/es\/?p=32496"},"modified":"2024-08-16T09:27:20","modified_gmt":"2024-08-16T13:27:20","slug":"con-favorable-acogida-prosigue-cruzada-teatral-en-predios-espirituanos","status":"publish","type":"post","link":"https:\/\/www.radiosanctispiritus.cu\/es\/con-favorable-acogida-prosigue-cruzada-teatral-en-predios-espirituanos\/","title":{"rendered":"Con favorable acogida prosigue Cruzada teatral en predios espirituanos"},"content":{"rendered":"<p>El impacto de la Cruzada teatral que por estos meses de verano lleva el arte dram\u00e1tico ni\u00f1os y j\u00f3venes en las comunidades espirituana se hace sentir como parte de las acciones recreativas concebidas para la presente etapa estival.<\/p>\n<p><iframe src=\"https:\/\/www.ivoox.com\/player_ej_132872132_6_1.html?c1=7a0d0b\" width=\"100%\" height=\"200\" frameborder=\"0\" scrolling=\"no\" allowfullscreen=\"allowfullscreen\"><\/iframe><\/p>\n","protected":false},"excerpt":{"rendered":"<p>El impacto de la Cruzada teatral que por estos meses de verano lleva el arte dram\u00e1tico ni\u00f1os y j\u00f3venes en las comunidades espirituana se hace sentir como parte de las acciones recreativas concebidas para la presente etapa estival.<\/p>\n","protected":false},"author":7,"featured_media":15590,"comment_status":"open","ping_status":"open","sticky":false,"template":"","format":"standard","meta":{"_acf_changed":false,"footnotes":""},"categories":[6,9,8,1],"tags":[443,899,360],"coauthors":[],"class_list":["post-32496","post","type-post","status-publish","format-standard","has-post-thumbnail","hentry","category-cultura","category-en-audio","category-noticia","category-sancti-spiritus","tag-artes-escenicas","tag-cruzada-teatral","tag-cultura-espirituana"],"acf":[],"_links":{"self":[{"href":"https:\/\/www.radiosanctispiritus.cu\/es\/wp-json\/wp\/v2\/posts\/32496","targetHints":{"allow":["GET"]}}],"collection":[{"href":"https:\/\/www.radiosanctispiritus.cu\/es\/wp-json\/wp\/v2\/posts"}],"about":[{"href":"https:\/\/www.radiosanctispiritus.cu\/es\/wp-json\/wp\/v2\/types\/post"}],"author":[{"embeddable":true,"href":"https:\/\/www.radiosanctispiritus.cu\/es\/wp-json\/wp\/v2\/users\/7"}],"replies":[{"embeddable":true,"href":"https:\/\/www.radiosanctispiritus.cu\/es\/wp-json\/wp\/v2\/comments?post=32496"}],"version-history":[{"count":0,"href":"https:\/\/www.radiosanctispiritus.cu\/es\/wp-json\/wp\/v2\/posts\/32496\/revisions"}],"wp:featuredmedia":[{"embeddable":true,"href":"https:\/\/www.radiosanctispiritus.cu\/es\/wp-json\/wp\/v2\/media\/15590"}],"wp:attachment":[{"href":"https:\/\/www.radiosanctispiritus.cu\/es\/wp-json\/wp\/v2\/media?parent=32496"}],"wp:term":[{"taxonomy":"category","embeddable":true,"href":"https:\/\/www.radiosanctispiritus.cu\/es\/wp-json\/wp\/v2\/categories?post=32496"},{"taxonomy":"post_tag","embeddable":true,"href":"https:\/\/www.radiosanctispiritus.cu\/es\/wp-json\/wp\/v2\/tags?post=32496"},{"taxonomy":"author","embeddable":true,"href":"https:\/\/www.radiosanctispiritus.cu\/es\/wp-json\/wp\/v2\/coauthors?post=32496"}],"curies":[{"name":"wp","href":"https:\/\/api.w.org\/{rel}","templated":true}]}}