{"id":32484,"date":"2024-08-15T18:45:14","date_gmt":"2024-08-15T22:45:14","guid":{"rendered":"https:\/\/www.radiosanctispiritus.cu\/es\/?p=32484"},"modified":"2024-08-15T18:45:14","modified_gmt":"2024-08-15T22:45:14","slug":"fiesta-de-pescadores-santa-elena-en-casilda-una-de-las-mas-antiguas-de-cuba","status":"publish","type":"post","link":"https:\/\/www.radiosanctispiritus.cu\/es\/fiesta-de-pescadores-santa-elena-en-casilda-una-de-las-mas-antiguas-de-cuba\/","title":{"rendered":"Fiesta de pescadores Santa Elena, en Casilda, una de las m\u00e1s antiguas de Cuba"},"content":{"rendered":"<p>Las tradici\u00f3n de los pescadores, de familias que comparte el sonido de las olas y se atav\u00edan del salitre vuelven a la comunidad de Casilda, en el sur y a cinco kil\u00f3metros de la Trinidad de Cuba.<\/p>\n<p>Es la celebraci\u00f3n religiosa de la fiesta mar\u00edtima Santa Elena que seg\u00fan datos de la \u00e9poca su inicio, el 18 de agosto de 1849, fue precedido por la consagraci\u00f3n de una peque\u00f1a iglesia del mismo nombre y daba la bienvenida a blancos y negros que \u201camaban a Dios\u201d, dec\u00eda un lema.<\/p>\n<p>La festividad era motivo para recibir a los ausentes, emigrados a localidades cercanas en especial a quienes buscaban prosperidad en la tercera villa cubana, en la actualidad declarada por la Unesco Patrimonio Cultural de la Humanidad.<\/p>\n<p>Con el tiempo, cambios y transformaciones sociales, la fiesta una de las pocas en la isla, decay\u00f3 y apenas se recordaba entre vecinos que prend\u00eda velas a la patrona y asist\u00edan en los amaneceres a las cultos cat\u00f3licos.<\/p>\n<p>Ante el reclamo popular 1990 con la creaci\u00f3n del Consejo Popular Casilda, cobrar actualidad los d\u00edas 17 y 18 de agosto con los rezos, toques y canciones; en su organizaci\u00f3n participan todas las organizaciones de la comunidad e incluye la peregrinaci\u00f3n religiosa.<\/p>\n<p>De los momentos de su creaci\u00f3n hace 175 a\u00f1os escribi\u00f3 la prensa local: El 17 en la Sociedad Uni\u00f3n y en la Sociedad para negros tambi\u00e9n se hac\u00edan bailes hasta el amanecer del 18 de agosto, d\u00eda que las personas participaban en la misa, hac\u00edan bautizos y despu\u00e9s de las ceremonias religiosas, el pueblo se concentraba en el parque y all\u00ed realizaban diferentes juegos, en la tarde las competencias en el muelle.<\/p>\n<p>Este punto de la geograf\u00eda espirituana ba\u00f1ado por las aguas del mar Caribe, en el Golfo de Ana Mar\u00eda, fue uno de los m\u00e1s importantes del comercio de los siglos XVII y XVIII. Se exportaba a Europa azucares, mieles e incluso otros productos.<\/p>\n<p>Se recuerdan testimonios de felicidad, agon\u00eda y sufrimiento con los saqueos de piratas, corsarios y bandoleros, as\u00ed como el arribo de esclavistas con sus dotaciones que vend\u00edan a los hacendados ib\u00e9ricos y naturales para el desarrollo azucarero.<\/p>\n<p>Uno de los mayores asaltos fue en 1702 del pirata Carlos Gant con trescientos hombres, tom\u00f3 embarcaciones, esclavos y en Trinidad adem\u00e1s de robar los vasos sagrados de la Iglesia Parroquial, se apoder\u00f3 de riquezas de los lugare\u00f1os.<\/p>\n<p>Durante las guerras por la independencia de Cuba, en 1870 una expedici\u00f3n por mar al mando del Coronel Fernando L\u00f3pez de Queralta con pertrechos para los mambises de la regi\u00f3n central fue combatida y derrotada.<\/p>\n<p>En el enfrentamiento perdieron la vida un grupo de cubanos y tripulantes extranjeros del buque, otros fueron fusilados en el hist\u00f3rico lugar conocido por Campo de Martes o Mano del Negro.<\/p>\n<p>As\u00ed mismo en 1889 varios barcos norteamericanos desde la playa de Mar\u00eda Aguilar abrieron fuego contra los peque\u00f1os ca\u00f1oneros, centinelas del muelle de Casilda: el Pont\u00f3n Fernando el Cat\u00f3lico y el Pont\u00f3n Dependiente. En esa ocasi\u00f3n los invasores desistieron tomar el puerto.<\/p>\n<p>En la actualidad Casilda es centros importante de la pesca del sur espirituano, se distingue en la producci\u00f3n de ostiones y en desemboca el r\u00edo Agabama \u2013uno de los m\u00e1s caudalosos de la Isla-, logra la reproducci\u00f3n y crecimiento de la variedad Crasostrea gigas.<\/p>\n","protected":false},"excerpt":{"rendered":"<p>Las tradici\u00f3n de los pescadores, de familias que comparte el sonido de las olas y se atav\u00edan del salitre vuelven a la comunidad de Casilda, con la celebraci\u00f3n religiosa de la fiesta mar\u00edtima Santa Elena que data del 18 de agosto de 1849.<\/p>\n","protected":false},"author":22,"featured_media":32485,"comment_status":"open","ping_status":"open","sticky":false,"template":"","format":"standard","meta":{"_acf_changed":false,"footnotes":""},"categories":[6,8,1],"tags":[719,54],"coauthors":[],"class_list":["post-32484","post","type-post","status-publish","format-standard","has-post-thumbnail","hentry","category-cultura","category-noticia","category-sancti-spiritus","tag-casilda","tag-trinidad-de-cuba"],"acf":[],"_links":{"self":[{"href":"https:\/\/www.radiosanctispiritus.cu\/es\/wp-json\/wp\/v2\/posts\/32484","targetHints":{"allow":["GET"]}}],"collection":[{"href":"https:\/\/www.radiosanctispiritus.cu\/es\/wp-json\/wp\/v2\/posts"}],"about":[{"href":"https:\/\/www.radiosanctispiritus.cu\/es\/wp-json\/wp\/v2\/types\/post"}],"author":[{"embeddable":true,"href":"https:\/\/www.radiosanctispiritus.cu\/es\/wp-json\/wp\/v2\/users\/22"}],"replies":[{"embeddable":true,"href":"https:\/\/www.radiosanctispiritus.cu\/es\/wp-json\/wp\/v2\/comments?post=32484"}],"version-history":[{"count":0,"href":"https:\/\/www.radiosanctispiritus.cu\/es\/wp-json\/wp\/v2\/posts\/32484\/revisions"}],"wp:featuredmedia":[{"embeddable":true,"href":"https:\/\/www.radiosanctispiritus.cu\/es\/wp-json\/wp\/v2\/media\/32485"}],"wp:attachment":[{"href":"https:\/\/www.radiosanctispiritus.cu\/es\/wp-json\/wp\/v2\/media?parent=32484"}],"wp:term":[{"taxonomy":"category","embeddable":true,"href":"https:\/\/www.radiosanctispiritus.cu\/es\/wp-json\/wp\/v2\/categories?post=32484"},{"taxonomy":"post_tag","embeddable":true,"href":"https:\/\/www.radiosanctispiritus.cu\/es\/wp-json\/wp\/v2\/tags?post=32484"},{"taxonomy":"author","embeddable":true,"href":"https:\/\/www.radiosanctispiritus.cu\/es\/wp-json\/wp\/v2\/coauthors?post=32484"}],"curies":[{"name":"wp","href":"https:\/\/api.w.org\/{rel}","templated":true}]}}