{"id":32272,"date":"2024-08-13T08:52:08","date_gmt":"2024-08-13T12:52:08","guid":{"rendered":"https:\/\/www.radiosanctispiritus.cu\/es\/?p=32272"},"modified":"2024-08-13T08:55:20","modified_gmt":"2024-08-13T12:55:20","slug":"el-cumpleanos-de-un-amigo","status":"publish","type":"post","link":"https:\/\/www.radiosanctispiritus.cu\/es\/el-cumpleanos-de-un-amigo\/","title":{"rendered":"El cumplea\u00f1os de un amigo"},"content":{"rendered":"<p>Hoy Juan Eduardo Bernal Echemend\u00eda est\u00e1 cumpliendo su aniversario 70.<\/p>\n<p>Nuestra amistad se remonta a m\u00e1s de 40 a\u00f1os. Y seg\u00fan recuerdo Juan Eduardo, alias Juanelo, no ha cambiado un \u00e1pice..<\/p>\n<p>Yo, reci\u00e9n llegado de La Habana, luego de estudiar en una Escuela de Arte, arrib\u00e9 a Sancti Spiritus con \u00ednfulas de capitalino y presumiendo de \u201calta cultura\u201d.<\/p>\n<p>Juanelo enseguida, con esa empat\u00eda que le es caracter\u00edstica, me puso los pies sobre la tierra.<\/p>\n<p>En su viejo tocadiscos fue donde primero escuch\u00e9 a los Zafiros, Elena Burke, Omara Portuondo, Bola de Nieve. Nunca le agradecer\u00e9 lo suficiente sus largas y enjundiosas incursiones al mundo de la cuban\u00eda del que ya no sal\u00ed jam\u00e1s.<\/p>\n<p>Nadie conoce la trova como \u00e9l, la ha vivido en bares y cantinas, la lleva en la sangre. Nadie conoce la ciudad como \u00e9l, sus calles m\u00e1s estrechas, sus recovecos, que desand\u00f3 en sucesivas madrugadas.<\/p>\n<p>Juanelo arriba hoy a su aniversario convertido en uno de nuestros m\u00e1s prestigiosos intelectuales.<\/p>\n<p>Con infinidad de publicaciones es una singular enciclopedia de la Cultura Espirituana, adem\u00e1s de su promotor incansable.<\/p>\n<p>Su obra ensay\u00edstica, variada y profusa ya le procur\u00f3 un lugar en la Literatura Cubana y auguro que todav\u00eda nos dar\u00e1 sus frutos m\u00e1s definitivos y rotundos.<\/p>\n<p>Su vocaci\u00f3n Martiana y ecum\u00e9nica, esa apertura a todo lo que sea cultura y conocimiento lo convierten en un hecho sin precedentes en la Literatura Espirituana.<\/p>\n<p>Juanelo no tiene tendencias ni temas predilectos. Ha ido afilando sus instrumentos, un lenguaje barroco que se erige en estilo, y con esas armas seguir\u00e1 haciendo aportes a nuestra ensay\u00edstica. Nadie ha vivido como \u00e9l la cultura: Abierto, democr\u00e1tico, trasnochador y buen amigo. Por lo mismo nadie la puede desentra\u00f1ar como \u00e9l.<\/p>\n<p>Nadie como Juan Eduardo Bernal Echemend\u00eda \u201cJuanelo\u201d ha roto esas aparentes barreras entre lo culto y lo popular, movi\u00e9ndose de los personajes de la ciudad a la precisi\u00f3n hist\u00f3rica m\u00e1s certera, a trav\u00e9s de la radio, la prensa escrita, la mesa del conferencista y los libros que publica.<\/p>\n<p>Queda un an\u00e1lisis m\u00e1s profundo de su ya copiosa obra.<\/p>\n<p>En estos momentos Juanelo es un activo miembro de la UNEAC y preside desde hace varios a\u00f1os la Sociedad Cultural \u201cJos\u00e9 Mart\u00ed\u201d en la provincia.<\/p>\n<p>Por all\u00ed anda Juan Eduardo Bernal Echemend\u00eda \u201cJuanelo\u201d se le puede ver todos los d\u00edas, desandando su querida ciudad y rompiendo lanzas contra todo aquello que vaya en contra de la cultura y de nuestro patrimonio.<\/p>\n<p>Feliz Cumplea\u00f1os, \u201cJuanel\u00f3n\u201d.!!!!!!<\/p>\n","protected":false},"excerpt":{"rendered":"<p>Hoy Juan Eduardo Bernal Echemend\u00eda est\u00e1 cumpliendo su aniversario 70. Nuestra amistad se remonta a m\u00e1s de 40 a\u00f1os. Y seg\u00fan recuerdo Juan Eduardo, alias Juanelo, no ha cambiado un \u00e1pice.. Yo, reci\u00e9n llegado de La Habana, luego de estudiar en una Escuela de Arte, arrib\u00e9 a Sancti Spiritus con \u00ednfulas de capitalino y presumiendo [&hellip;]<\/p>\n","protected":false},"author":163,"featured_media":32274,"comment_status":"open","ping_status":"open","sticky":false,"template":"","format":"standard","meta":{"_acf_changed":false,"footnotes":""},"categories":[1023,12],"tags":[],"coauthors":[],"class_list":["post-32272","post","type-post","status-publish","format-standard","has-post-thumbnail","hentry","category-el-balcon-del-soto","category-sugerencia"],"acf":[],"_links":{"self":[{"href":"https:\/\/www.radiosanctispiritus.cu\/es\/wp-json\/wp\/v2\/posts\/32272","targetHints":{"allow":["GET"]}}],"collection":[{"href":"https:\/\/www.radiosanctispiritus.cu\/es\/wp-json\/wp\/v2\/posts"}],"about":[{"href":"https:\/\/www.radiosanctispiritus.cu\/es\/wp-json\/wp\/v2\/types\/post"}],"author":[{"embeddable":true,"href":"https:\/\/www.radiosanctispiritus.cu\/es\/wp-json\/wp\/v2\/users\/163"}],"replies":[{"embeddable":true,"href":"https:\/\/www.radiosanctispiritus.cu\/es\/wp-json\/wp\/v2\/comments?post=32272"}],"version-history":[{"count":0,"href":"https:\/\/www.radiosanctispiritus.cu\/es\/wp-json\/wp\/v2\/posts\/32272\/revisions"}],"wp:featuredmedia":[{"embeddable":true,"href":"https:\/\/www.radiosanctispiritus.cu\/es\/wp-json\/wp\/v2\/media\/32274"}],"wp:attachment":[{"href":"https:\/\/www.radiosanctispiritus.cu\/es\/wp-json\/wp\/v2\/media?parent=32272"}],"wp:term":[{"taxonomy":"category","embeddable":true,"href":"https:\/\/www.radiosanctispiritus.cu\/es\/wp-json\/wp\/v2\/categories?post=32272"},{"taxonomy":"post_tag","embeddable":true,"href":"https:\/\/www.radiosanctispiritus.cu\/es\/wp-json\/wp\/v2\/tags?post=32272"},{"taxonomy":"author","embeddable":true,"href":"https:\/\/www.radiosanctispiritus.cu\/es\/wp-json\/wp\/v2\/coauthors?post=32272"}],"curies":[{"name":"wp","href":"https:\/\/api.w.org\/{rel}","templated":true}]}}