{"id":32250,"date":"2024-08-13T05:15:16","date_gmt":"2024-08-13T09:15:16","guid":{"rendered":"https:\/\/www.radiosanctispiritus.cu\/es\/?p=32250"},"modified":"2024-08-13T00:20:07","modified_gmt":"2024-08-13T04:20:07","slug":"tribunal-supremo-ratifica-sentencia-a-especialista-espirituano-de-campismo-popular","status":"publish","type":"post","link":"https:\/\/www.radiosanctispiritus.cu\/es\/tribunal-supremo-ratifica-sentencia-a-especialista-espirituano-de-campismo-popular\/","title":{"rendered":"Tribunal Supremo ratifica sentencia a especialista espirituano de Campismo Popular"},"content":{"rendered":"<p>El Tribunal Supremo Popular ratific\u00f3 la sentencia de 18 a\u00f1os de privaci\u00f3n de libertad contra un especialista de la Empresa Provincial de Campismo Popular en Sancti Sp\u00edritus que desfalc\u00f3 casi 8 millones de pesos.<\/p>\n<p><iframe src=\"https:\/\/www.ivoox.com\/player_ej_132741508_6_1.html?c1=7a0d0b\" width=\"100%\" height=\"200\" frameborder=\"0\" scrolling=\"no\" allowfullscreen=\"allowfullscreen\"><\/iframe><\/p>\n","protected":false},"excerpt":{"rendered":"<p>El Tribunal Supremo Popular ratific\u00f3 la sentencia de 18 a\u00f1os de privaci\u00f3n de libertad contra un especialista de la Empresa Provincial de Campismo Popular en Sancti Sp\u00edritus que desfalc\u00f3 casi 8 millones de pesos.<\/p>\n","protected":false},"author":29,"featured_media":32253,"comment_status":"open","ping_status":"open","sticky":false,"template":"","format":"standard","meta":{"_acf_changed":false,"footnotes":""},"categories":[9,8,1],"tags":[306,863,279,805],"coauthors":[],"class_list":["post-32250","post","type-post","status-publish","format-standard","has-post-thumbnail","hentry","category-en-audio","category-noticia","category-sancti-spiritus","tag-campismo-popular","tag-delito","tag-justicia","tag-tribunal-supremo"],"acf":[],"_links":{"self":[{"href":"https:\/\/www.radiosanctispiritus.cu\/es\/wp-json\/wp\/v2\/posts\/32250","targetHints":{"allow":["GET"]}}],"collection":[{"href":"https:\/\/www.radiosanctispiritus.cu\/es\/wp-json\/wp\/v2\/posts"}],"about":[{"href":"https:\/\/www.radiosanctispiritus.cu\/es\/wp-json\/wp\/v2\/types\/post"}],"author":[{"embeddable":true,"href":"https:\/\/www.radiosanctispiritus.cu\/es\/wp-json\/wp\/v2\/users\/29"}],"replies":[{"embeddable":true,"href":"https:\/\/www.radiosanctispiritus.cu\/es\/wp-json\/wp\/v2\/comments?post=32250"}],"version-history":[{"count":0,"href":"https:\/\/www.radiosanctispiritus.cu\/es\/wp-json\/wp\/v2\/posts\/32250\/revisions"}],"wp:featuredmedia":[{"embeddable":true,"href":"https:\/\/www.radiosanctispiritus.cu\/es\/wp-json\/wp\/v2\/media\/32253"}],"wp:attachment":[{"href":"https:\/\/www.radiosanctispiritus.cu\/es\/wp-json\/wp\/v2\/media?parent=32250"}],"wp:term":[{"taxonomy":"category","embeddable":true,"href":"https:\/\/www.radiosanctispiritus.cu\/es\/wp-json\/wp\/v2\/categories?post=32250"},{"taxonomy":"post_tag","embeddable":true,"href":"https:\/\/www.radiosanctispiritus.cu\/es\/wp-json\/wp\/v2\/tags?post=32250"},{"taxonomy":"author","embeddable":true,"href":"https:\/\/www.radiosanctispiritus.cu\/es\/wp-json\/wp\/v2\/coauthors?post=32250"}],"curies":[{"name":"wp","href":"https:\/\/api.w.org\/{rel}","templated":true}]}}