{"id":32224,"date":"2024-08-12T21:18:24","date_gmt":"2024-08-13T01:18:24","guid":{"rendered":"https:\/\/www.radiosanctispiritus.cu\/es\/?p=32224"},"modified":"2024-08-12T22:09:20","modified_gmt":"2024-08-13T02:09:20","slug":"campeon-de-buceo-libre-implanta-record-en-litoral-trinitario","status":"publish","type":"post","link":"https:\/\/www.radiosanctispiritus.cu\/es\/campeon-de-buceo-libre-implanta-record-en-litoral-trinitario\/","title":{"rendered":"Campe\u00f3n de buceo libre implanta r\u00e9cord en litoral trinitario"},"content":{"rendered":"<p>El recordista cubano de buceo libre, Francisco\u00a0 Pip\u00edn Ferreras retorna a las profundidades despu\u00e9s de 5 a\u00f1os,\u00a0 esta vez a los mares que empapan el litoral trinitario donde implant\u00f3 un nuevo r\u00e9cord a sus 62 a\u00f1os de edad al lograr descender 82 metros, en esa modalidad de inmersi\u00f3n que se practica en apnea, es decir a pulm\u00f3n.<\/p>\n<p>El triunfo lo dedica campe\u00f3n a su esposa Audrey Mestre de nacionalidad francesa quien falleciera ahogada en el 2002 a la edad de 28 a\u00f1os en Rep\u00fablica Dominicana durante un descenso de 571 pies<\/p>\n<p><iframe src=\"https:\/\/www.ivoox.com\/player_ej_132741456_6_1.html\" width=\"100%\" height=\"200\" frameborder=\"0\" scrolling=\"no\" allowfullscreen=\"allowfullscreen\"><\/iframe><\/p>\n<blockquote class=\"twitter-tweet\">\n<p dir=\"ltr\" lang=\"es\">Y aqu\u00ed les va el resultado esperado! No se cumpli\u00f3 el r\u00e9cord de 112 metros, fueron 80 metros que tambi\u00e9n es un gran r\u00e9cord; nadie con 60 a\u00f1os lo ha logrado. Felicidades Pip\u00edn Ferreras!!\ud83d\udc4f\ud83d\udc4f<a href=\"https:\/\/t.co\/jTZqutGU3G\" target=\"_blank\" rel=\"noopener noreferrer nofollow\">https:\/\/t.co\/jTZqutGU3G<\/a><a href=\"https:\/\/twitter.com\/hashtag\/TrinidaddCuba?src=hash&amp;ref_src=twsrc%5Etfw\" target=\"_blank\" rel=\"noopener noreferrer nofollow\">#TrinidaddCuba<\/a> tambi\u00e9n Destino de Buceo!! Te esperamos!!\ud83d\ude09 <a href=\"https:\/\/t.co\/wtGNN8wDdu\" target=\"_blank\" rel=\"noopener noreferrer nofollow\">pic.twitter.com\/wtGNN8wDdu<\/a><\/p>\n<p>\u2014 Trinidaddecubatravel (@trinidaddtravel) <a href=\"https:\/\/twitter.com\/trinidaddtravel\/status\/1822709443374506135?ref_src=twsrc%5Etfw\" target=\"_blank\" rel=\"noopener noreferrer nofollow\">August 11, 2024<\/a><\/p><\/blockquote>\n<p><script async src=\"https:\/\/platform.twitter.com\/widgets.js\" charset=\"utf-8\"><\/script><\/p>\n","protected":false},"excerpt":{"rendered":"<p>El recordista cubano de buceo libre, Francisco\u00a0 Pip\u00edn Ferreras retorna a las profundidades despu\u00e9s de 5 a\u00f1os,\u00a0 esta vez a los mares que empapan el litoral trinitario donde implant\u00f3 un nuevo r\u00e9cord a sus 62 a\u00f1os de edad al lograr descender 82 metros, en esa modalidad de inmersi\u00f3n que se practica en apnea, es decir a pulm\u00f3n<\/p>\n","protected":false},"author":145,"featured_media":32225,"comment_status":"open","ping_status":"open","sticky":false,"template":"","format":"standard","meta":{"_acf_changed":false,"footnotes":""},"categories":[7,9],"tags":[],"coauthors":[],"class_list":["post-32224","post","type-post","status-publish","format-standard","has-post-thumbnail","hentry","category-deporte","category-en-audio"],"acf":[],"_links":{"self":[{"href":"https:\/\/www.radiosanctispiritus.cu\/es\/wp-json\/wp\/v2\/posts\/32224","targetHints":{"allow":["GET"]}}],"collection":[{"href":"https:\/\/www.radiosanctispiritus.cu\/es\/wp-json\/wp\/v2\/posts"}],"about":[{"href":"https:\/\/www.radiosanctispiritus.cu\/es\/wp-json\/wp\/v2\/types\/post"}],"author":[{"embeddable":true,"href":"https:\/\/www.radiosanctispiritus.cu\/es\/wp-json\/wp\/v2\/users\/145"}],"replies":[{"embeddable":true,"href":"https:\/\/www.radiosanctispiritus.cu\/es\/wp-json\/wp\/v2\/comments?post=32224"}],"version-history":[{"count":0,"href":"https:\/\/www.radiosanctispiritus.cu\/es\/wp-json\/wp\/v2\/posts\/32224\/revisions"}],"wp:featuredmedia":[{"embeddable":true,"href":"https:\/\/www.radiosanctispiritus.cu\/es\/wp-json\/wp\/v2\/media\/32225"}],"wp:attachment":[{"href":"https:\/\/www.radiosanctispiritus.cu\/es\/wp-json\/wp\/v2\/media?parent=32224"}],"wp:term":[{"taxonomy":"category","embeddable":true,"href":"https:\/\/www.radiosanctispiritus.cu\/es\/wp-json\/wp\/v2\/categories?post=32224"},{"taxonomy":"post_tag","embeddable":true,"href":"https:\/\/www.radiosanctispiritus.cu\/es\/wp-json\/wp\/v2\/tags?post=32224"},{"taxonomy":"author","embeddable":true,"href":"https:\/\/www.radiosanctispiritus.cu\/es\/wp-json\/wp\/v2\/coauthors?post=32224"}],"curies":[{"name":"wp","href":"https:\/\/api.w.org\/{rel}","templated":true}]}}