{"id":32011,"date":"2024-08-09T02:49:42","date_gmt":"2024-08-09T06:49:42","guid":{"rendered":"https:\/\/www.radiosanctispiritus.cu\/es\/?p=32011"},"modified":"2024-08-09T12:51:17","modified_gmt":"2024-08-09T16:51:17","slug":"miraflores-de-trova","status":"publish","type":"post","link":"https:\/\/www.radiosanctispiritus.cu\/es\/miraflores-de-trova\/","title":{"rendered":"Miraflores de trova"},"content":{"rendered":"<p>El encanto de Sancti Spiritus, sus calles, sus balcones, el esp\u00edritu festivo y hospitalario de sus habitantes, han sido escenario propicio para que los tr\u00edos, esa expresi\u00f3n musical de voces y guitarras nos caracterice.<\/p>\n<p>La ciudad, la trova y los tr\u00edos conforman un complejo cultural que nos identifica y constituye una preciada carta de ciudadan\u00eda para todos los espirituanos.<\/p>\n<p>Miraflores surge en el a\u00f1o 1944 con formato de d\u00fao y no es hasta 1973 que se convierte en tr\u00edo.\u00a0 Esta agrupaci\u00f3n se ha caracterizado por la interpretaci\u00f3n del repertorio tradicional cubano y espirituano, donde se integra el bolero, la guaracha, la canci\u00f3n y el son.<\/p>\n<p>En su larga vida Miraflores ha laborado para el turismo nacional e internacional y ha cosechado \u00e9xitos fuera del pa\u00eds, en Espa\u00f1a, Francia, Suiza y Holanda.<\/p>\n<p>Su alto nivel interpretativo se refleja en las producciones discogr\u00e1ficas: LD \u201cSemblanza Musical de Sancti Sp\u00edritus\u201d (1986), CD \u201cCasa de la Trova\u201d (1999), Tr\u00edos espirituanos con el Sello Colibr\u00ed, y CD compartido con el tr\u00edo D\ua78c G\u00f3mez bajo la firma Colof\u00f3n de B\u00e9lgica.<\/p>\n<p>Por a\u00f1os y hasta su muerte Manuel N\u00e1poles Granados. \u201cMantecao\u201d fungi\u00f3 como Director del tr\u00edo. Desde que era d\u00fao estuvo con su guitarra inconfundible en los dos formatos.<\/p>\n<p>Mantecao un d\u00eda aprendi\u00f3 a tocar con Rafael Rodr\u00edguez pero, \u00a0se confesaba seguidor de esa memoria colectiva y an\u00f3nima que viaja de trovador a trovador confundiendo acordes que pasan a ser patrimonio de todos.<\/p>\n<p>Su manera de tocar la guitarra le puso un sello de identidad a Miraflores. Tambi\u00e9n su buen humor, su profesionalismo que lo convirtieron en uno de los patriarcas de la trova espirituana le dieron prestigio a la agrupaci\u00f3n.<\/p>\n<p>Mantecao introdujo en Miraflores una peculiar manera de \u201cadornar\u201d la melod\u00eda, nunca tocaba una canci\u00f3n de la misma forma por lo que cada vez que vimos actuar en vivo al Tr\u00edo asistimos a un hecho \u00fanico e irrepetible.<\/p>\n<p>Con 80 a\u00f1os de fundado Miraflores es una cita obligada cuando se hable de la trova cubana. Por \u00e9l pasaron m\u00fasicos importantes de la trova local y la defensa de lo mejor del repertorio cubano lo convierten en referente musical.<\/p>\n<p>Hoy el Tr\u00edo Miraflores constituye un s\u00edmbolo del patrimonio musical espirituano.<\/p>\n","protected":false},"excerpt":{"rendered":"<p>El encanto de Sancti Spiritus, sus calles, sus balcones, el esp\u00edritu festivo y hospitalario de sus habitantes, han sido escenario propicio para que los tr\u00edos, esa expresi\u00f3n musical de voces y guitarras nos caracterice. La ciudad, la trova y los tr\u00edos conforman un complejo cultural que nos identifica y constituye una preciada carta de ciudadan\u00eda [&hellip;]<\/p>\n","protected":false},"author":163,"featured_media":32013,"comment_status":"open","ping_status":"open","sticky":false,"template":"","format":"standard","meta":{"_acf_changed":false,"footnotes":""},"categories":[1023],"tags":[],"coauthors":[],"class_list":["post-32011","post","type-post","status-publish","format-standard","has-post-thumbnail","hentry","category-el-balcon-del-soto"],"acf":[],"_links":{"self":[{"href":"https:\/\/www.radiosanctispiritus.cu\/es\/wp-json\/wp\/v2\/posts\/32011","targetHints":{"allow":["GET"]}}],"collection":[{"href":"https:\/\/www.radiosanctispiritus.cu\/es\/wp-json\/wp\/v2\/posts"}],"about":[{"href":"https:\/\/www.radiosanctispiritus.cu\/es\/wp-json\/wp\/v2\/types\/post"}],"author":[{"embeddable":true,"href":"https:\/\/www.radiosanctispiritus.cu\/es\/wp-json\/wp\/v2\/users\/163"}],"replies":[{"embeddable":true,"href":"https:\/\/www.radiosanctispiritus.cu\/es\/wp-json\/wp\/v2\/comments?post=32011"}],"version-history":[{"count":0,"href":"https:\/\/www.radiosanctispiritus.cu\/es\/wp-json\/wp\/v2\/posts\/32011\/revisions"}],"wp:featuredmedia":[{"embeddable":true,"href":"https:\/\/www.radiosanctispiritus.cu\/es\/wp-json\/wp\/v2\/media\/32013"}],"wp:attachment":[{"href":"https:\/\/www.radiosanctispiritus.cu\/es\/wp-json\/wp\/v2\/media?parent=32011"}],"wp:term":[{"taxonomy":"category","embeddable":true,"href":"https:\/\/www.radiosanctispiritus.cu\/es\/wp-json\/wp\/v2\/categories?post=32011"},{"taxonomy":"post_tag","embeddable":true,"href":"https:\/\/www.radiosanctispiritus.cu\/es\/wp-json\/wp\/v2\/tags?post=32011"},{"taxonomy":"author","embeddable":true,"href":"https:\/\/www.radiosanctispiritus.cu\/es\/wp-json\/wp\/v2\/coauthors?post=32011"}],"curies":[{"name":"wp","href":"https:\/\/api.w.org\/{rel}","templated":true}]}}