{"id":31559,"date":"2024-08-02T07:35:34","date_gmt":"2024-08-02T11:35:34","guid":{"rendered":"https:\/\/www.radiosanctispiritus.cu\/es\/?p=31559"},"modified":"2024-08-02T08:46:02","modified_gmt":"2024-08-02T12:46:02","slug":"parque-acuatico-inflable-novedad-recreativa-que-distingue-el-verano-en-el-destino-trinidad-de-cuba","status":"publish","type":"post","link":"https:\/\/www.radiosanctispiritus.cu\/es\/parque-acuatico-inflable-novedad-recreativa-que-distingue-el-verano-en-el-destino-trinidad-de-cuba\/","title":{"rendered":"Parque acu\u00e1tico inflable aporta novedad al verano en Trinidad de Cuba"},"content":{"rendered":"<p>La apertura de un Parque Acu\u00e1tico Inflable en el destino tur\u00edstico Trinidad de Cuba es la novedad recreativa que en la actual temporada veraniega ha causado mayor impacto en grandes y chicos que disfrutan de la playa Anc\u00f3n, ba\u00f1ada por las aguas del Mar Caribe .<\/p>\n<p><img decoding=\"async\" class=\"aligncenter size-medium wp-image-31562\" src=\"https:\/\/www.radiosanctispiritus.cu\/es\/wp-content\/uploads\/parque-acuatico-3-600x338.jpg\" alt=\"\" width=\"600\" height=\"338\" srcset=\"https:\/\/www.radiosanctispiritus.cu\/es\/wp-content\/uploads\/parque-acuatico-3-600x338.jpg 600w, https:\/\/www.radiosanctispiritus.cu\/es\/wp-content\/uploads\/parque-acuatico-3-605x340.jpg 605w, https:\/\/www.radiosanctispiritus.cu\/es\/wp-content\/uploads\/parque-acuatico-3-290x163.jpg 290w, https:\/\/www.radiosanctispiritus.cu\/es\/wp-content\/uploads\/parque-acuatico-3-460x259.jpg 460w, https:\/\/www.radiosanctispiritus.cu\/es\/wp-content\/uploads\/parque-acuatico-3.jpg 768w\" sizes=\"(max-width: 600px) 100vw, 600px\" \/>En apenas una semana de la puesta en marcha de la estructura ubicada a escasos metros de la costa en \u00e1reas aleda\u00f1as al hotel Memories Trinidad del Mar es constante la presencia de turistas nacionales y for\u00e1neas que apuestan por esa atractiva opci\u00f3n aunque el mercado interno tiene la primac\u00eda .<\/p>\n<p>Ram\u00f3n Guti\u00e9rrez, Director de la Marina Marl\u00edn Trinidad, dependencia de turismo que administra el Parque Acu\u00e1tico Inflable dijo a la radio que este lo conforman juegos de equilibrio, fuerza, canales de salto al agua y trampolines.<\/p>\n<p>Destac\u00f3 que 45 minutos es el tiempo de disfrute que se asigna a cada cliente por un valor de 600 CUP a partir de los 12 a\u00f1os, con pago a trav\u00e9s de tarjeta magn\u00e9tica, los ni\u00f1os de esa edad hacia abajo abonan solo 300 pesos, mientras los infantes comprendidos en ese rango de edades hospedados en el hotel Memories Trinidad del Mar tiene acceso al espacio flotante gratuitamente.<\/p>\n<p><img decoding=\"async\" class=\"aligncenter size-medium wp-image-31563\" src=\"https:\/\/www.radiosanctispiritus.cu\/es\/wp-content\/uploads\/parque-acuatico-4-600x450.jpg\" alt=\"\" width=\"600\" height=\"450\" srcset=\"https:\/\/www.radiosanctispiritus.cu\/es\/wp-content\/uploads\/parque-acuatico-4-600x450.jpg 600w, https:\/\/www.radiosanctispiritus.cu\/es\/wp-content\/uploads\/parque-acuatico-4.jpg 667w\" sizes=\"(max-width: 600px) 100vw, 600px\" \/>Es en el reci\u00e9n inaugurado punto n\u00e1utico en el balneario Anc\u00f3n donde se hacen las reservaciones para acceder a dicha opci\u00f3n , all\u00ed el ba\u00f1ista recibe un chaleco salvavidas que garantiza su seguridad ,al tiempo que un personal especializado acompa\u00f1a al grupo de clientes que en cada rotaci\u00f3n no sobrepasa la cifra de 60.<\/p>\n<p><img decoding=\"async\" class=\"aligncenter size-medium wp-image-31564\" src=\"https:\/\/www.radiosanctispiritus.cu\/es\/wp-content\/uploads\/parque-acuatico-5-600x450.jpg\" alt=\"\" width=\"600\" height=\"450\" srcset=\"https:\/\/www.radiosanctispiritus.cu\/es\/wp-content\/uploads\/parque-acuatico-5-600x450.jpg 600w, https:\/\/www.radiosanctispiritus.cu\/es\/wp-content\/uploads\/parque-acuatico-5.jpg 667w\" sizes=\"(max-width: 600px) 100vw, 600px\" \/>Yordanis Fern\u00e1ndez Alonso, Delegado del Ministro del Turismo en Sancti Sp\u00edritus explic\u00f3 que el Parque Acu\u00e1tico Inflable se puso en marcha como saludo al 26 de Julio y agreg\u00f3 que adem\u00e1s de Trinidad de Cuba estructuras flotantes similares se disfrutan en los destinos tur\u00edsticos Cayo Coco, Varadero y Cienfuegos.<\/p>\n<p>Tambi\u00e9n en esa \u00e1rea la Marina Marl\u00edn en la presente temporada estival alquila dos bicicletas acu\u00e1ticas y cifra similar en el frente de playa del hotel Anc\u00f3n para el esparcimiento de vacacionistas nacionales y for\u00e1neos que se deciden por la modalidad de Sol y Playa.<\/p>\n<p><img decoding=\"async\" class=\"aligncenter size-medium wp-image-31560\" src=\"https:\/\/www.radiosanctispiritus.cu\/es\/wp-content\/uploads\/parque-acuatico-1-600x309.jpg\" alt=\"\" width=\"600\" height=\"309\" srcset=\"https:\/\/www.radiosanctispiritus.cu\/es\/wp-content\/uploads\/parque-acuatico-1-600x309.jpg 600w, https:\/\/www.radiosanctispiritus.cu\/es\/wp-content\/uploads\/parque-acuatico-1.jpg 768w\" sizes=\"(max-width: 600px) 100vw, 600px\" \/><\/p>\n<p><strong>Fotos: Juan Carlos Naranjo.<\/strong><br \/>\n<iframe src=\"https:\/\/www.ivoox.com\/player_ej_132302953_6_1.html?c1=7a0d0b\" width=\"100%\" height=\"200\" frameborder=\"0\" scrolling=\"no\" allowfullscreen=\"allowfullscreen\"><\/iframe><\/p>\n","protected":false},"excerpt":{"rendered":"<p>La apertura de un Parque Acu\u00e1tico Inflable en el destino tur\u00edstico Trinidad de Cuba es la novedad recreativa que en la actual temporada veraniega ha causado mayor impacto en grandes y chicos que disfrutan de la playa Anc\u00f3n, ba\u00f1ada por las aguas del Mar Caribe . En apenas una semana de la puesta en marcha [&hellip;]<\/p>\n","protected":false},"author":145,"featured_media":31561,"comment_status":"open","ping_status":"open","sticky":false,"template":"","format":"standard","meta":{"_acf_changed":false,"footnotes":""},"categories":[9,1],"tags":[],"coauthors":[],"class_list":["post-31559","post","type-post","status-publish","format-standard","has-post-thumbnail","hentry","category-en-audio","category-sancti-spiritus"],"acf":[],"_links":{"self":[{"href":"https:\/\/www.radiosanctispiritus.cu\/es\/wp-json\/wp\/v2\/posts\/31559","targetHints":{"allow":["GET"]}}],"collection":[{"href":"https:\/\/www.radiosanctispiritus.cu\/es\/wp-json\/wp\/v2\/posts"}],"about":[{"href":"https:\/\/www.radiosanctispiritus.cu\/es\/wp-json\/wp\/v2\/types\/post"}],"author":[{"embeddable":true,"href":"https:\/\/www.radiosanctispiritus.cu\/es\/wp-json\/wp\/v2\/users\/145"}],"replies":[{"embeddable":true,"href":"https:\/\/www.radiosanctispiritus.cu\/es\/wp-json\/wp\/v2\/comments?post=31559"}],"version-history":[{"count":0,"href":"https:\/\/www.radiosanctispiritus.cu\/es\/wp-json\/wp\/v2\/posts\/31559\/revisions"}],"wp:featuredmedia":[{"embeddable":true,"href":"https:\/\/www.radiosanctispiritus.cu\/es\/wp-json\/wp\/v2\/media\/31561"}],"wp:attachment":[{"href":"https:\/\/www.radiosanctispiritus.cu\/es\/wp-json\/wp\/v2\/media?parent=31559"}],"wp:term":[{"taxonomy":"category","embeddable":true,"href":"https:\/\/www.radiosanctispiritus.cu\/es\/wp-json\/wp\/v2\/categories?post=31559"},{"taxonomy":"post_tag","embeddable":true,"href":"https:\/\/www.radiosanctispiritus.cu\/es\/wp-json\/wp\/v2\/tags?post=31559"},{"taxonomy":"author","embeddable":true,"href":"https:\/\/www.radiosanctispiritus.cu\/es\/wp-json\/wp\/v2\/coauthors?post=31559"}],"curies":[{"name":"wp","href":"https:\/\/api.w.org\/{rel}","templated":true}]}}