{"id":31226,"date":"2024-07-28T06:05:47","date_gmt":"2024-07-28T10:05:47","guid":{"rendered":"https:\/\/www.radiosanctispiritus.cu\/es\/?p=31226"},"modified":"2024-07-28T07:12:58","modified_gmt":"2024-07-28T11:12:58","slug":"lo-que-dejo-el-26-en-sancti-spiritus","status":"publish","type":"post","link":"https:\/\/www.radiosanctispiritus.cu\/es\/lo-que-dejo-el-26-en-sancti-spiritus\/","title":{"rendered":"Lo que dej\u00f3 el 26 en Sancti Sp\u00edritus (+ fotos)"},"content":{"rendered":"<p>Que el 26, como se acu\u00f1\u00f3\u00a0 a todo cuanto gener\u00f3 el\u00a0 otorgamiento a Sancti Sp\u00edritus de la sede nacional por el aniversario 71 de la gesta del Moncada, haya calado en la piel de los espirituanos es el mejor de los saldos de la celebraci\u00f3n del importante suceso.<\/p>\n<p>Y es que por algo m\u00e1s de un mes, el acontecimiento logr\u00f3 incorporarse al dialogo cotidiano de la gente y mucho m\u00e1s que eso a su quehacer porque removi\u00f3 las cimientes del territorio, aun cuando no todo haya quedado a pedir de boca y hayan subsistido para despu\u00e9s muchas deudas de las que hablaremos m\u00e1s adelante.<\/p>\n<p><iframe src=\"https:\/\/www.ivoox.com\/player_ej_132130880_6_1.html?c1=cc0404\" width=\"100%\" height=\"200\" frameborder=\"0\" scrolling=\"no\" allowfullscreen=\"allowfullscreen\"><\/iframe><\/p>\n<p>Lo que s\u00ed resulta innegable es que el 26 logr\u00f3 despertar muchos lechones dormidos y aviv\u00f3 en la gente el esp\u00edritu del trabajo y la laboriosidad.<\/p>\n<p>De otro modo no se explica que en el lapso de pocos m\u00e1s de un mes se hayan realizado acciones de gran alcance con impacto popular. Asomarse a cada pedazo de Sancti Sp\u00edritus permiti\u00f3 advertir a mucha, mucha gente que no durmi\u00f3 y que empat\u00f3 las horas bajo el sol o bajo el agua para impulsar las labores en tiempo r\u00e9cord.<\/p>\n<p>As\u00ed, de la noche a la ma\u00f1ana, naci\u00f3 una nueva rotonda que retoc\u00f3 la belleza de la ciudad y un hotel como el Zaza, a punto de caerse por el deterioro de su paralizaci\u00f3n por a\u00f1os, comenzara a parecerse a lo que fue gracias al accionar de hombres y mujeres.<\/p>\n<div id=\"attachment_30887\" style=\"width: 610px\" class=\"wp-caption aligncenter\"><img decoding=\"async\" aria-describedby=\"caption-attachment-30887\" class=\"size-medium wp-image-30887\" src=\"https:\/\/www.radiosanctispiritus.cu\/es\/wp-content\/uploads\/DiazCanel-en-el-ZAZA-600x338.jpg\" alt=\"Foto: Alien Fern\u00e1ndez.\" width=\"600\" height=\"338\" srcset=\"https:\/\/www.radiosanctispiritus.cu\/es\/wp-content\/uploads\/DiazCanel-en-el-ZAZA-600x338.jpg 600w, https:\/\/www.radiosanctispiritus.cu\/es\/wp-content\/uploads\/DiazCanel-en-el-ZAZA-768x432.jpg 768w, https:\/\/www.radiosanctispiritus.cu\/es\/wp-content\/uploads\/DiazCanel-en-el-ZAZA-605x340.jpg 605w, https:\/\/www.radiosanctispiritus.cu\/es\/wp-content\/uploads\/DiazCanel-en-el-ZAZA-290x163.jpg 290w, https:\/\/www.radiosanctispiritus.cu\/es\/wp-content\/uploads\/DiazCanel-en-el-ZAZA-460x259.jpg 460w, https:\/\/www.radiosanctispiritus.cu\/es\/wp-content\/uploads\/DiazCanel-en-el-ZAZA.jpg 800w\" sizes=\"(max-width: 600px) 100vw, 600px\" \/><p id=\"caption-attachment-30887\" class=\"wp-caption-text\">Foto: Alien Fern\u00e1ndez.<\/p><\/div>\n<p>Algo similar pas\u00f3 en otras obras del sector tur\u00edstico, cuya reconstrucci\u00f3n se ha alargado en los meses, unas por falta de recurso, otras por falta de empuje, como le pas\u00f3 a determinados sitios que al calor del 26, tomaron un segundo y hasta un tercer aire.<\/p>\n<p>Lo dice la Unidad Quir\u00fargica del Hospital Pedi\u00e1trico Provincial, que adelant\u00f3 en un mes\u00a0 lo que no hab\u00eda podido en casi un a\u00f1o, y otras \u00e1reas del Hospital Provincial Camilo Cienfuegos, sumido en una reconstrucci\u00f3n interminable.<\/p>\n<div id=\"attachment_30904\" style=\"width: 610px\" class=\"wp-caption aligncenter\"><img decoding=\"async\" aria-describedby=\"caption-attachment-30904\" class=\"size-medium wp-image-30904\" src=\"https:\/\/www.radiosanctispiritus.cu\/es\/wp-content\/uploads\/Pediatrico-salon-de-operaciones-600x338.jpg\" alt=\"\" width=\"600\" height=\"338\" srcset=\"https:\/\/www.radiosanctispiritus.cu\/es\/wp-content\/uploads\/Pediatrico-salon-de-operaciones-600x338.jpg 600w, https:\/\/www.radiosanctispiritus.cu\/es\/wp-content\/uploads\/Pediatrico-salon-de-operaciones-1024x576.jpg 1024w, https:\/\/www.radiosanctispiritus.cu\/es\/wp-content\/uploads\/Pediatrico-salon-de-operaciones-768x432.jpg 768w, https:\/\/www.radiosanctispiritus.cu\/es\/wp-content\/uploads\/Pediatrico-salon-de-operaciones-1536x865.jpg 1536w, https:\/\/www.radiosanctispiritus.cu\/es\/wp-content\/uploads\/Pediatrico-salon-de-operaciones-2048x1153.jpg 2048w, https:\/\/www.radiosanctispiritus.cu\/es\/wp-content\/uploads\/Pediatrico-salon-de-operaciones-960x540.jpg 960w, https:\/\/www.radiosanctispiritus.cu\/es\/wp-content\/uploads\/Pediatrico-salon-de-operaciones-605x340.jpg 605w, https:\/\/www.radiosanctispiritus.cu\/es\/wp-content\/uploads\/Pediatrico-salon-de-operaciones-290x163.jpg 290w, https:\/\/www.radiosanctispiritus.cu\/es\/wp-content\/uploads\/Pediatrico-salon-de-operaciones-460x259.jpg 460w\" sizes=\"(max-width: 600px) 100vw, 600px\" \/><p id=\"caption-attachment-30904\" class=\"wp-caption-text\">El Pedi\u00e1trico espirituano contar\u00e1 a partir de ahora con cuatro salones de operaci\u00f3n, lo que duplica la capacidad anterior. Foto: Alien Fern\u00e1ndez.<\/p><\/div>\n<p>Tambi\u00e9n puentes \u00a0como La Nela, cuya reparaci\u00f3n mejor\u00f3 los servicios ferroviarios, removidos por el reinicio de rutas como el tren espirituano.<\/p>\n<p>La relator\u00eda ser\u00eda interminable dada la cantidad de obras que se repararon, se rehabilitaron \u00a0o se reanimaron en cada uno de los sectores de la provincia, porque el contagio lleg\u00f3 a todos los municipios.<\/p>\n<p>Como sucedi\u00f3 a lo largo y ancho del territorio, la ciudad del Yayabo se retoc\u00f3 en sus colores, aun cuando semanas atr\u00e1s su cumplea\u00f1os 510, llen\u00f3 de pinturas las fachadas y paredes. Y la ciudad tambi\u00e9n se limpi\u00f3 y se higieniz\u00f3, que mucho le hac\u00eda falta, como mismo otros poblados.<\/p>\n<div id=\"attachment_30747\" style=\"width: 610px\" class=\"wp-caption aligncenter\"><img decoding=\"async\" aria-describedby=\"caption-attachment-30747\" class=\"size-medium wp-image-30747\" src=\"https:\/\/www.radiosanctispiritus.cu\/es\/wp-content\/uploads\/escuela-primaria-Miguel-Calzada-1-1024x525-1-600x308.jpg\" alt=\"\" width=\"600\" height=\"308\" srcset=\"https:\/\/www.radiosanctispiritus.cu\/es\/wp-content\/uploads\/escuela-primaria-Miguel-Calzada-1-1024x525-1-600x308.jpg 600w, https:\/\/www.radiosanctispiritus.cu\/es\/wp-content\/uploads\/escuela-primaria-Miguel-Calzada-1-1024x525-1-768x394.jpg 768w, https:\/\/www.radiosanctispiritus.cu\/es\/wp-content\/uploads\/escuela-primaria-Miguel-Calzada-1-1024x525-1.jpg 1024w\" sizes=\"(max-width: 600px) 100vw, 600px\" \/><p id=\"caption-attachment-30747\" class=\"wp-caption-text\">La escuela primaria Miguel Calzada de Topes de Collantes ha recibido una reparaci\u00f3n capital en saludo al 26 de Julio. Fotos: Osley Gonz\u00e1lez.<\/p><\/div>\n<p>El 26 se expres\u00f3 en las nuevas bicicletas de los carteros, los pisos de tierra que se eliminaron, el parque infantil que cobr\u00f3 vida en Cuatro Esquinas de Padua en Cabaigu\u00e1n,\u00a0 el renacimiento de la escuela primaria Miguel Calzada de Topes de Collantes, los nuevos surcos que le nacieron la tierra o el modulo de alimentos que lleg\u00f3 gratuito.<\/p>\n<p>El 26 sum\u00f3 voluntades y herman\u00f3 un poco a la gente y en muchas partes se borraron los l\u00edmites divisorios entre estatales y no estatales.<\/p>\n<p>Y si se quiere encontrar un s\u00edmbolo de hasta d\u00f3nde llegaron los espirituanos con la inyecci\u00f3n del 26, solo hay que subir la vista hasta el tanque elevado del Hospital Provincial Camilo Cienfuegos, que impuls\u00f3 a hombres que desafiaron el peligro y escalaron las alturas para pintarlo y ponerle nombre a eso que llaman motivaci\u00f3n y sentido de pertenencia m\u00e1s all\u00e1 de los pagos que pudieran recibir por su altruismo.<\/p>\n<p>Quiz\u00e1s porque en medio del entusiasmo por lograr la sede se propuso un programa demasiado ambicioso para tan poco tiempo, muchas obras no pudieron terminarse y de hecho no pudieron fungir como inauguraciones porque si queremos ser serios a la altura de lo implica un 26, no puede cortarse una cinta all\u00ed donde no est\u00e1n todas las condiciones para comenzar a prestar servicios. De todas maneras, valga m\u00e1s el despertar que sumirse en la quietud o a la espera de que lleguen los milagros.<\/p>\n<p>En el variopinto escenario de la opini\u00f3n popular algunos aun sostienen, que si esta es la mejor provincia c\u00f3mo estar\u00e1n las otras, en alusi\u00f3n a todo lo que en materia de insatisfacciones quedan en todas partes.\u00a0 Y habr\u00e1 que tener tambi\u00e9n en cuenta esta matriz de opini\u00f3n.<\/p>\n<div id=\"attachment_30770\" style=\"width: 610px\" class=\"wp-caption aligncenter\"><img decoding=\"async\" aria-describedby=\"caption-attachment-30770\" class=\"size-medium wp-image-30770\" src=\"https:\/\/www.radiosanctispiritus.cu\/es\/wp-content\/uploads\/jovenes-espirituanos-dan-su-aporte-a-las-obras-por-el-26-de-julio-600x338.jpg\" alt=\"\" width=\"600\" height=\"338\" srcset=\"https:\/\/www.radiosanctispiritus.cu\/es\/wp-content\/uploads\/jovenes-espirituanos-dan-su-aporte-a-las-obras-por-el-26-de-julio-600x338.jpg 600w, https:\/\/www.radiosanctispiritus.cu\/es\/wp-content\/uploads\/jovenes-espirituanos-dan-su-aporte-a-las-obras-por-el-26-de-julio-605x340.jpg 605w, https:\/\/www.radiosanctispiritus.cu\/es\/wp-content\/uploads\/jovenes-espirituanos-dan-su-aporte-a-las-obras-por-el-26-de-julio-290x163.jpg 290w, https:\/\/www.radiosanctispiritus.cu\/es\/wp-content\/uploads\/jovenes-espirituanos-dan-su-aporte-a-las-obras-por-el-26-de-julio-460x259.jpg 460w, https:\/\/www.radiosanctispiritus.cu\/es\/wp-content\/uploads\/jovenes-espirituanos-dan-su-aporte-a-las-obras-por-el-26-de-julio.jpg 720w\" sizes=\"(max-width: 600px) 100vw, 600px\" \/><p id=\"caption-attachment-30770\" class=\"wp-caption-text\">J\u00f3venes espirituanos dan su aporte las obras por el-26-de-julio. Foto: Facebook.<\/p><\/div>\n<p>Ya que se trata de un suceso trascendente, pasado el aluvi\u00f3n del 26 y para seguir siendo consecuente con \u00e9l, habr\u00e1 que retomar su ADN para terminar lo que qued\u00f3 a medias, lo que no se pudo empezar \u00a0y para dotar de calidad lo que ahora no lo tuvo como la pavimentaci\u00f3n de no pocas calles y as\u00ed no desvirtuar todo lo que para bien se hizo y para que la cultura del buen gusto y el detalle, no sea un slogan. Y habr\u00e1 que estimular tambi\u00e9n la cultura del cuidado ciudadano.<\/p>\n<p>Tal como lo acu\u00f1\u00f3 el presidente cubano Miguel D\u00edaz-Canel Bermudesz en su visita al hotel Zaza, el 26 motiv\u00f3 a los espirituanos y eso es una verdad del tama\u00f1o de esta tierra.<\/p>\n<p>Dej\u00f3 lecciones, seg\u00fan se\u00f1al\u00f3 el presidente, para que no se dejen deteriorar los lugares como mismo sucedi\u00f3 con la emblem\u00e1tica instalaci\u00f3n y luego haya que recurrir a una inversi\u00f3n cuantiosa en momentos en que al pa\u00eds no le sobra el dinero.<\/p>\n<div id=\"attachment_30777\" style=\"width: 610px\" class=\"wp-caption aligncenter\"><img decoding=\"async\" aria-describedby=\"caption-attachment-30777\" class=\"size-medium wp-image-30777\" src=\"https:\/\/www.radiosanctispiritus.cu\/es\/wp-content\/uploads\/CMF-36-Pedrero-Arriba.-Fotos-Jose-A.-Ramirez-600x431.jpg\" alt=\"\" width=\"600\" height=\"431\" srcset=\"https:\/\/www.radiosanctispiritus.cu\/es\/wp-content\/uploads\/CMF-36-Pedrero-Arriba.-Fotos-Jose-A.-Ramirez-600x431.jpg 600w, https:\/\/www.radiosanctispiritus.cu\/es\/wp-content\/uploads\/CMF-36-Pedrero-Arriba.-Fotos-Jose-A.-Ramirez-768x552.jpg 768w, https:\/\/www.radiosanctispiritus.cu\/es\/wp-content\/uploads\/CMF-36-Pedrero-Arriba.-Fotos-Jose-A.-Ramirez.jpg 810w\" sizes=\"(max-width: 600px) 100vw, 600px\" \/><p id=\"caption-attachment-30777\" class=\"wp-caption-text\">CMF-36 Pedrero Arriba. Foto: Jos\u00e9 A. Ram\u00edrez<\/p><\/div>\n<p>El 26 contamin\u00f3 \u00a0para bien al pol\u00edtico, al dirigente, pero tambi\u00e9n al obrero, al campesino, al joven, al anciano, al espirituano de a pie.<\/p>\n<p>Que sus aires sigan soplando en esta tierra es todo cuanto hace falta para que lo que dej\u00f3, perdure y se multiplique.<\/p>\n","protected":false},"excerpt":{"rendered":"<p>Pasado el aluvi\u00f3n del 26 y para seguir siendo consecuente con \u00e9l, habr\u00e1 que retomar su ADN para terminar lo que qued\u00f3 a medias, lo que no se pudo empezar \u00a0y para dotar de calidad lo que ahora no lo tuvo como la pavimentaci\u00f3n de no pocas calles y as\u00ed no desvirtuar todo lo que para bien se hizo y para que la cultura del buen gusto y el detalle, no sea un slogan.<\/p>\n","protected":false},"author":14,"featured_media":31228,"comment_status":"open","ping_status":"open","sticky":false,"template":"","format":"standard","meta":{"_acf_changed":false,"footnotes":""},"categories":[9,8,1],"tags":[1224],"coauthors":[],"class_list":["post-31226","post","type-post","status-publish","format-standard","has-post-thumbnail","hentry","category-en-audio","category-noticia","category-sancti-spiritus","tag-sancti-spiritus-en-26"],"acf":[],"_links":{"self":[{"href":"https:\/\/www.radiosanctispiritus.cu\/es\/wp-json\/wp\/v2\/posts\/31226","targetHints":{"allow":["GET"]}}],"collection":[{"href":"https:\/\/www.radiosanctispiritus.cu\/es\/wp-json\/wp\/v2\/posts"}],"about":[{"href":"https:\/\/www.radiosanctispiritus.cu\/es\/wp-json\/wp\/v2\/types\/post"}],"author":[{"embeddable":true,"href":"https:\/\/www.radiosanctispiritus.cu\/es\/wp-json\/wp\/v2\/users\/14"}],"replies":[{"embeddable":true,"href":"https:\/\/www.radiosanctispiritus.cu\/es\/wp-json\/wp\/v2\/comments?post=31226"}],"version-history":[{"count":0,"href":"https:\/\/www.radiosanctispiritus.cu\/es\/wp-json\/wp\/v2\/posts\/31226\/revisions"}],"wp:featuredmedia":[{"embeddable":true,"href":"https:\/\/www.radiosanctispiritus.cu\/es\/wp-json\/wp\/v2\/media\/31228"}],"wp:attachment":[{"href":"https:\/\/www.radiosanctispiritus.cu\/es\/wp-json\/wp\/v2\/media?parent=31226"}],"wp:term":[{"taxonomy":"category","embeddable":true,"href":"https:\/\/www.radiosanctispiritus.cu\/es\/wp-json\/wp\/v2\/categories?post=31226"},{"taxonomy":"post_tag","embeddable":true,"href":"https:\/\/www.radiosanctispiritus.cu\/es\/wp-json\/wp\/v2\/tags?post=31226"},{"taxonomy":"author","embeddable":true,"href":"https:\/\/www.radiosanctispiritus.cu\/es\/wp-json\/wp\/v2\/coauthors?post=31226"}],"curies":[{"name":"wp","href":"https:\/\/api.w.org\/{rel}","templated":true}]}}