{"id":31142,"date":"2024-07-26T10:09:57","date_gmt":"2024-07-26T14:09:57","guid":{"rendered":"https:\/\/www.radiosanctispiritus.cu\/es\/?p=31142"},"modified":"2024-07-26T10:09:57","modified_gmt":"2024-07-26T14:09:57","slug":"26-de-julio-en-sancti-spiritus-otro-asalto-otra-madrugada","status":"publish","type":"post","link":"https:\/\/www.radiosanctispiritus.cu\/es\/26-de-julio-en-sancti-spiritus-otro-asalto-otra-madrugada\/","title":{"rendered":"26 de Julio en Sancti Sp\u00edritus, otro asalto, otra madrugada"},"content":{"rendered":"<p>Justo, a las 5 y 15 de la madrugada; justo cuando, hace 71 a\u00f1os, las balas impactaron la posta 3 y los muros del cuartel Moncada; Sancti Sp\u00edritus tom\u00f3 la historia por asalto.<\/p>\n<p>Y all\u00ed, en la Plaza de los que militamos en el bando de los que aman y fundan, en la Plaza donde la Revoluci\u00f3n nace todos los d\u00edas, 5 mil espirituanos compartimos el amanecer de este 26 de Julio, junto a la generaci\u00f3n que no tembl\u00f3; que ultim\u00f3, definitivamente, a la dictadura el Primero de Enero de 1959.<\/p>\n<p>Por ello, este 26 de julio lleg\u00f3 la evocaci\u00f3n de tama\u00f1a proeza, de aquella \u00e9pica, que tuvo otros heroicos pasajes, como la venida en el yate Granma desde M\u00e9xico; el reencuentro en Cinco Palmas y la creaci\u00f3n del Ej\u00e9rcito Rebelde, que baj\u00f3 la Revoluci\u00f3n de la Sierra Maestra. Evocaci\u00f3n y reverencia en la voz del miembro del Bur\u00f3 Pol\u00edtico del Partido y vicepresidente de la Rep\u00fablica Salvador Vald\u00e9s Mesa y sus palabras de aliento llegaron a cada esquina de la plaza escoltada por las palmas reales.<\/p>\n<p>De los espirituanos \u2014 dijo\u2014 \u201chan sabido estar, una vez m\u00e1s, a la altura de su gloriosa historia, que atesora un admirable legado de tradici\u00f3n de lucha desde la etapa colonial hasta el presente\u201d.<\/p>\n<p>En este amanecer rojinegro, rebelde y mamb\u00ed; en este amanecer de remembranzas, tambi\u00e9n nos escoltaron la bravura y la hidalgu\u00eda del espirituano m\u00e1s ilustre: el Mayor General Seraf\u00edn S\u00e1nchez. La recordaci\u00f3n vino en las palabras de la integrante del Comit\u00e9 Central del Partido y primera secretaria de la organizaci\u00f3n pol\u00edtica en Sancti Sp\u00edritus, Deivy P\u00e9rez Mart\u00edn.<\/p>\n<p>La dirigente partidista, por un lado, agradeci\u00f3, en nombre del pueblo espirituano, la decisi\u00f3n del Bur\u00f3 Pol\u00edtico del Partido de otorgarle la sede del acto nacional por el 26 de Julio a Sancti Sp\u00edritus, y, por otro, habl\u00f3 de desaf\u00edos, de empe\u00f1os.<\/p>\n<p>De evocadoras im\u00e1genes, de escenas en escenas, de canto en canto; colmado de arte genuino y comprometido con su tiempo y para todos los tiempos, transcurri\u00f3 la celebraci\u00f3n este viernes del D\u00eda de la Rebeld\u00eda Nacional en Sancti Sp\u00edritus; y en la Plaza de Seraf\u00edn, listo para enjaezar el caballo, estuvo otro l\u00edder: Ra\u00fal Castro, el combatiente que fue como soldado a la toma del Palacio de Justicia, como parte del plan dise\u00f1ado por Fidel, y que devino jefe de aquella acci\u00f3n espec\u00edfica. Este 26 Ra\u00fal volvi\u00f3 a estar entre nosotros, y de nuevo nos lleg\u00f3 su esp\u00edritu indomable, rebelde y mamb\u00ed.<\/p>\n","protected":false},"excerpt":{"rendered":"<p>Justo, a las 5 y 15 de la madrugada; justo cuando, hace 71 a\u00f1os, las balas impactaron la posta 3 y los muros del cuartel Moncada; Sancti Sp\u00edritus tom\u00f3 la historia por asalto. Y all\u00ed, en la Plaza de los que militamos en el bando de los que aman y fundan, en la Plaza donde [&hellip;]<\/p>\n","protected":false},"author":10,"featured_media":31128,"comment_status":"open","ping_status":"open","sticky":false,"template":"","format":"standard","meta":{"_acf_changed":false,"footnotes":""},"categories":[1],"tags":[1224],"coauthors":[],"class_list":["post-31142","post","type-post","status-publish","format-standard","has-post-thumbnail","hentry","category-sancti-spiritus","tag-sancti-spiritus-en-26"],"acf":[],"_links":{"self":[{"href":"https:\/\/www.radiosanctispiritus.cu\/es\/wp-json\/wp\/v2\/posts\/31142","targetHints":{"allow":["GET"]}}],"collection":[{"href":"https:\/\/www.radiosanctispiritus.cu\/es\/wp-json\/wp\/v2\/posts"}],"about":[{"href":"https:\/\/www.radiosanctispiritus.cu\/es\/wp-json\/wp\/v2\/types\/post"}],"author":[{"embeddable":true,"href":"https:\/\/www.radiosanctispiritus.cu\/es\/wp-json\/wp\/v2\/users\/10"}],"replies":[{"embeddable":true,"href":"https:\/\/www.radiosanctispiritus.cu\/es\/wp-json\/wp\/v2\/comments?post=31142"}],"version-history":[{"count":0,"href":"https:\/\/www.radiosanctispiritus.cu\/es\/wp-json\/wp\/v2\/posts\/31142\/revisions"}],"wp:featuredmedia":[{"embeddable":true,"href":"https:\/\/www.radiosanctispiritus.cu\/es\/wp-json\/wp\/v2\/media\/31128"}],"wp:attachment":[{"href":"https:\/\/www.radiosanctispiritus.cu\/es\/wp-json\/wp\/v2\/media?parent=31142"}],"wp:term":[{"taxonomy":"category","embeddable":true,"href":"https:\/\/www.radiosanctispiritus.cu\/es\/wp-json\/wp\/v2\/categories?post=31142"},{"taxonomy":"post_tag","embeddable":true,"href":"https:\/\/www.radiosanctispiritus.cu\/es\/wp-json\/wp\/v2\/tags?post=31142"},{"taxonomy":"author","embeddable":true,"href":"https:\/\/www.radiosanctispiritus.cu\/es\/wp-json\/wp\/v2\/coauthors?post=31142"}],"curies":[{"name":"wp","href":"https:\/\/api.w.org\/{rel}","templated":true}]}}