{"id":31141,"date":"2024-07-26T10:03:40","date_gmt":"2024-07-26T14:03:40","guid":{"rendered":"https:\/\/www.radiosanctispiritus.cu\/es\/?p=31141"},"modified":"2024-07-26T15:52:51","modified_gmt":"2024-07-26T19:52:51","slug":"el-26-nos-deja-con-deseos-de-hacer-mas-por-sancti-spiritus","status":"publish","type":"post","link":"https:\/\/www.radiosanctispiritus.cu\/es\/el-26-nos-deja-con-deseos-de-hacer-mas-por-sancti-spiritus\/","title":{"rendered":"El 26 nos deja con deseos de hacer m\u00e1s por Sancti Sp\u00edritus"},"content":{"rendered":"<p>Con la presencia del l\u00edder de la Revoluci\u00f3n, General de Ej\u00e9rcito Ra\u00fal Castro, y el presidente de Cuba, Miguel D\u00edaz-Canel, la Plaza Mayor General Seraf\u00edn S\u00e1nchez Valdivia fue el escenario este viernes de la conmemoraci\u00f3n por el aniversario 71 del asalto a los cuarteles Moncada y Carlos Manuel de C\u00e9spedes, tras lo cual los espirituanos expresaron su valoraci\u00f3n de tal acontecimiento.<\/p>\n<p><iframe src=\"https:\/\/www.ivoox.com\/player_ej_132108921_6_1.html\" width=\"100%\" height=\"200\" frameborder=\"0\" scrolling=\"no\" allowfullscreen=\"allowfullscreen\"><\/iframe><\/p>\n","protected":false},"excerpt":{"rendered":"<p>Con la presencia del l\u00edder de la Revoluci\u00f3n, General de Ej\u00e9rcito Ra\u00fal Castro, y el presidente de Cuba, Miguel D\u00edaz-Canel, la Plaza de la Revoluci\u00f3n Mayor General Seraf\u00edn S\u00e1nchez Valdivia fue el escenario este viernes de la conmemoraci\u00f3n por el aniversario 71 del asalto a los cuarteles Moncada y Carlos Manuel de C\u00e9spedes, tras lo cual los espirituanos expresaron su valoraci\u00f3n de tal acontecimiento.<\/p>\n","protected":false},"author":18,"featured_media":31152,"comment_status":"open","ping_status":"open","sticky":false,"template":"","format":"standard","meta":{"_acf_changed":false,"footnotes":""},"categories":[9,8,1],"tags":[1224],"coauthors":[],"class_list":["post-31141","post","type-post","status-publish","format-standard","has-post-thumbnail","hentry","category-en-audio","category-noticia","category-sancti-spiritus","tag-sancti-spiritus-en-26"],"acf":[],"_links":{"self":[{"href":"https:\/\/www.radiosanctispiritus.cu\/es\/wp-json\/wp\/v2\/posts\/31141","targetHints":{"allow":["GET"]}}],"collection":[{"href":"https:\/\/www.radiosanctispiritus.cu\/es\/wp-json\/wp\/v2\/posts"}],"about":[{"href":"https:\/\/www.radiosanctispiritus.cu\/es\/wp-json\/wp\/v2\/types\/post"}],"author":[{"embeddable":true,"href":"https:\/\/www.radiosanctispiritus.cu\/es\/wp-json\/wp\/v2\/users\/18"}],"replies":[{"embeddable":true,"href":"https:\/\/www.radiosanctispiritus.cu\/es\/wp-json\/wp\/v2\/comments?post=31141"}],"version-history":[{"count":0,"href":"https:\/\/www.radiosanctispiritus.cu\/es\/wp-json\/wp\/v2\/posts\/31141\/revisions"}],"wp:featuredmedia":[{"embeddable":true,"href":"https:\/\/www.radiosanctispiritus.cu\/es\/wp-json\/wp\/v2\/media\/31152"}],"wp:attachment":[{"href":"https:\/\/www.radiosanctispiritus.cu\/es\/wp-json\/wp\/v2\/media?parent=31141"}],"wp:term":[{"taxonomy":"category","embeddable":true,"href":"https:\/\/www.radiosanctispiritus.cu\/es\/wp-json\/wp\/v2\/categories?post=31141"},{"taxonomy":"post_tag","embeddable":true,"href":"https:\/\/www.radiosanctispiritus.cu\/es\/wp-json\/wp\/v2\/tags?post=31141"},{"taxonomy":"author","embeddable":true,"href":"https:\/\/www.radiosanctispiritus.cu\/es\/wp-json\/wp\/v2\/coauthors?post=31141"}],"curies":[{"name":"wp","href":"https:\/\/api.w.org\/{rel}","templated":true}]}}