{"id":31132,"date":"2024-07-26T16:53:10","date_gmt":"2024-07-26T20:53:10","guid":{"rendered":"https:\/\/www.radiosanctispiritus.cu\/es\/?p=31132"},"modified":"2024-07-26T21:20:37","modified_gmt":"2024-07-27T01:20:37","slug":"acto-del-26-consolida-el-compromiso-de-los-espirituanos","status":"publish","type":"post","link":"https:\/\/www.radiosanctispiritus.cu\/es\/acto-del-26-consolida-el-compromiso-de-los-espirituanos\/","title":{"rendered":"Acto del 26 consolida el compromiso de los espirituanos"},"content":{"rendered":"<p>La celebraci\u00f3n en Sancti Sp\u00edritus del acto nacional por el aniversario del asalto a los cuarteles Moncada y Carlos Manuel de C\u00e9spedes consolida el compromiso de los espirituanos a seguir trabajando e impulsando las tareas, asegur\u00f3 este viernes Deivy P\u00e9rez Mart\u00edn, miembro del Comit\u00e9 Central del Partido Comunista de Cuba y su primera secretaria en la provincia.<\/p>\n<p>P\u00e9rez Mart\u00edn y el gobernador Alexis Lorente Jim\u00e9nez valoraron en declaraciones exclusivas a Radio Sancti Sp\u00edritus la trascendencia para el territorio de la conmemoraci\u00f3n del 26 de Julio con la presencia del l\u00edder de la Revoluci\u00f3n, General de Ej\u00e9rcito Ra\u00fal Castro, y el Primer Secretario del Comit\u00e9 Central del PCC y Presidente de la Rep\u00fablica, Miguel D\u00edaz-Canel.<\/p>\n<p><iframe src=\"https:\/\/www.ivoox.com\/player_ej_132094947_6_1.html?c1=7a0d0b\" width=\"100%\" height=\"200\" frameborder=\"0\" scrolling=\"no\" allowfullscreen=\"allowfullscreen\"><\/iframe><\/p>\n","protected":false},"excerpt":{"rendered":"<p>La celebraci\u00f3n en Sancti Sp\u00edritus del acto nacional por el aniversario del asalto a los cuarteles Moncada y Carlos Manuel de C\u00e9spedes consolida el compromiso de los espirituanos a seguir trabajando e impulsando las tareas, asegur\u00f3 este viernes Deivy P\u00e9rez Mart\u00edn, miembro del Comit\u00e9 Central del Partido Comunista de Cuba y su primera secretaria en la provincia.<\/p>\n","protected":false},"author":14,"featured_media":31170,"comment_status":"open","ping_status":"open","sticky":false,"template":"","format":"standard","meta":{"_acf_changed":false,"footnotes":""},"categories":[9,8,1],"tags":[1053,44,1224],"coauthors":[],"class_list":["post-31132","post","type-post","status-publish","format-standard","has-post-thumbnail","hentry","category-en-audio","category-noticia","category-sancti-spiritus","tag-alexis-lorente","tag-deivy-perez-martin","tag-sancti-spiritus-en-26"],"acf":[],"_links":{"self":[{"href":"https:\/\/www.radiosanctispiritus.cu\/es\/wp-json\/wp\/v2\/posts\/31132","targetHints":{"allow":["GET"]}}],"collection":[{"href":"https:\/\/www.radiosanctispiritus.cu\/es\/wp-json\/wp\/v2\/posts"}],"about":[{"href":"https:\/\/www.radiosanctispiritus.cu\/es\/wp-json\/wp\/v2\/types\/post"}],"author":[{"embeddable":true,"href":"https:\/\/www.radiosanctispiritus.cu\/es\/wp-json\/wp\/v2\/users\/14"}],"replies":[{"embeddable":true,"href":"https:\/\/www.radiosanctispiritus.cu\/es\/wp-json\/wp\/v2\/comments?post=31132"}],"version-history":[{"count":0,"href":"https:\/\/www.radiosanctispiritus.cu\/es\/wp-json\/wp\/v2\/posts\/31132\/revisions"}],"wp:featuredmedia":[{"embeddable":true,"href":"https:\/\/www.radiosanctispiritus.cu\/es\/wp-json\/wp\/v2\/media\/31170"}],"wp:attachment":[{"href":"https:\/\/www.radiosanctispiritus.cu\/es\/wp-json\/wp\/v2\/media?parent=31132"}],"wp:term":[{"taxonomy":"category","embeddable":true,"href":"https:\/\/www.radiosanctispiritus.cu\/es\/wp-json\/wp\/v2\/categories?post=31132"},{"taxonomy":"post_tag","embeddable":true,"href":"https:\/\/www.radiosanctispiritus.cu\/es\/wp-json\/wp\/v2\/tags?post=31132"},{"taxonomy":"author","embeddable":true,"href":"https:\/\/www.radiosanctispiritus.cu\/es\/wp-json\/wp\/v2\/coauthors?post=31132"}],"curies":[{"name":"wp","href":"https:\/\/api.w.org\/{rel}","templated":true}]}}