{"id":31091,"date":"2024-07-26T07:18:01","date_gmt":"2024-07-26T11:18:01","guid":{"rendered":"https:\/\/www.radiosanctispiritus.cu\/es\/?p=31091"},"modified":"2024-07-26T09:15:13","modified_gmt":"2024-07-26T13:15:13","slug":"deivy-perez-martin-en-el-acto-por-el-26-los-espirituanos-ni-los-cubanos-le-fallaremos-nunca-a-la-revolucion","status":"publish","type":"post","link":"https:\/\/www.radiosanctispiritus.cu\/es\/deivy-perez-martin-en-el-acto-por-el-26-los-espirituanos-ni-los-cubanos-le-fallaremos-nunca-a-la-revolucion\/","title":{"rendered":"Deivy P\u00e9rez Mart\u00edn en el acto por el 26: Ni los espirituanos, ni los cubanos, le fallaremos a la Revoluci\u00f3n"},"content":{"rendered":"<p>\u201cNi los espirituanos ni los cubanos les fallaremos a la Revoluci\u00f3n porque en nuestra tierra se habla de hero\u00edsmo y valent\u00eda y estamos convencidos de que s\u00ed se puede\u201d, asegur\u00f3 Deivy P\u00e9rez Mart\u00edn, miembro del Comit\u00e9 Central del Partido y su primera secretaria en la provincia, al intervenir en el acto central por el 26 de Julio, efectuado este viernes en Sancti Sp\u00edritus.<\/p>\n<p><strong>A continuaci\u00f3n las palabras pronunciadas por la dirigente pol\u00edtica espirituana en la conmemoraci\u00f3n del D\u00eda de la Rebeld\u00eda Nacional.<\/strong><\/p>\n<p>Querido General de Ej\u00e9rcito Ra\u00fal Castro Ruz, l\u00edder de la Revoluci\u00f3n Cubana.<\/p>\n<p>Compa\u00f1ero Miguel D\u00edaz-Canel Berm\u00fadez, Primer Secretario del Comit\u00e9 Central del Partido y Presidente de la Rep\u00fablica.<\/p>\n<p>Miembros del Bur\u00f3 Pol\u00edtico y dem\u00e1s dirigentes que nos acompa\u00f1an.<\/p>\n<p>Integrantes de las Brigadas de Solidaridad.<\/p>\n<p>Espirituanos.<\/p>\n<p>Hemos presenciado en este acto la representaci\u00f3n del Combate de las Damas, una acci\u00f3n desigual en la que el Ej\u00e9rcito Libertador, con una valent\u00eda y determinaci\u00f3n admirable, enfrent\u00f3 a las tropas espa\u00f1olas.<\/p>\n<p>Imposible no recordar con profundo respeto y admiraci\u00f3n la frase que pronunci\u00f3, herido de muerte, el Mayor General Seraf\u00edn S\u00e1nchez: \u201c\u00a1Me han matado! \u00a1Eso no es nada, que siga la marcha!\u201d<\/p>\n<p>Esas palabras no solo son testimonio de su coraje; resumen tambi\u00e9n la profunda convicci\u00f3n en la unidad y el patriotismo del pueblo cubano, constituyendo un llamado a seguir adelante marchando con valent\u00eda, decisi\u00f3n y arrojo cuantos problemas y peligros nos acechen.<\/p>\n<p>Sancti Sp\u00edritus -muy bien lo sabemos todos- es tierra de mambises, de rebeldes que continuar\u00e1n siempre aquella marcha.<\/p>\n<p>Hoy venimos aqu\u00ed para evocar la valent\u00eda de nuestros antepasados, y reafirmar en presente el compromiso con los principios que han guiado a nuestros h\u00e9roes y m\u00e1rtires, como aquellos valerosos j\u00f3venes que tomaron la historia por asalto, entre los que se encontraban tres hijos de este ind\u00f3mito suelo.<\/p>\n<p>Compatriotas:<\/p>\n<p>Regresan las celebraciones por el 26 de julio, 8 a\u00f1os despu\u00e9s, a la tierra del Yayabo, hecho que motiv\u00f3 el despliegue de un amplio plan de actividades conmemorativas bajo el principio de \u00abcelebrar trabajando.\u00bb<\/p>\n<p>Tal reconocimiento es un est\u00edmulo al trabajo y un recordatorio de que en a\u00f1os tan complejos como el 2023 y este 2024, los espirituanos hemos respondido a los grandes retos de un pa\u00eds sometido al bloqueo genocida m\u00e1s prolongado de la historia.<\/p>\n<p>Por ello recibimos ese honor con compromiso, gratitud y la certeza de seguir avanzando, convencidos de que ese resultado ha sido posible gracias al esfuerzo del pueblo espirituano representado en todos los sectores de la sociedad.<\/p>\n<p>Sancti Sp\u00edritus, como el resto del pa\u00eds, no est\u00e1 exenta de complejidades, a las que nos sobreponemos d\u00eda tras d\u00eda, bajo el concepto de resistencia creativa, desarrollando un sistema de trabajo que estimula el v\u00ednculo directo y sistem\u00e1tico con la base, convencidos de que \u201cla determinaci\u00f3n de las prioridades y el ritmo de su soluci\u00f3n partir\u00e1, invariablemente, de los recursos disponibles y del an\u00e1lisis profundo, racional y colegiado\u201d, como nos indicara nuestro General de Ej\u00e9rcito Ra\u00fal Castro Ruz.<\/p>\n<p>Ese enfoque ha guiado el accionar de los espirituanos en la etapa y nos ha permitido arribar a esta conmemoraci\u00f3n con modestos resultados.<\/p>\n<p>Se han sembrado m\u00e1s de 69 mil hect\u00e1reas en las campa\u00f1as de fr\u00edo y primavera. Ello contribuye a consolidar 21 \u00e1reas de desarrollo agr\u00edcola y a obtener resultados destacados en la Agricultura Urbana, Suburbana y Familiar.<\/p>\n<p>Las producciones de leche, carne porcina, huevos, viandas, hortalizas, frutas, miel, tabaco torcido, caf\u00e9, captura total de pescado acu\u00edcola, sobrecumplen lo planificado, pero a\u00fan distantes de satisfacer las demandas del pueblo.<\/p>\n<p>Se ha trabajado en la atenci\u00f3n a 43 barrios y comunidades en situaci\u00f3n de vulnerabilidad, dando soluci\u00f3n a 302 planteamientos de la poblaci\u00f3n, beneficiando a 37,400 personas.<\/p>\n<p>Se promueven numerosas acciones constructivas, que han permitido mejorar la infraestructura y los servicios de sectores como educaci\u00f3n, salud, cultura, deporte, turismo, agricultura, comercio, comunicaciones y acueducto.<\/p>\n<p>La tasa de mortalidad infantil es de 3.09 por cada mil nacidos vivos, indicador que refleja el profundo compromiso con la salud en defensa de lo m\u00e1s sagrado: la vida de nuestros ni\u00f1os.<\/p>\n<p>Ha sido una prioridad el cumplimiento del plan de acci\u00f3n para corregir distorsiones y empulsar la econom\u00eda en el 2024. Se trabaja en la reducci\u00f3n del d\u00e9ficit presupuestario, el incremento de los ingresos en divisa, las relaciones entre los diferentes actores de la econom\u00eda, la producci\u00f3n de alimentos, la pol\u00edtica de precios y el fortalecimiento de la empresa estatal socialista, pues a\u00fan no se alcanzan los resultados que la poblaci\u00f3n necesita.<\/p>\n<p>Queridos compatriotas:<\/p>\n<p>Los espirituanos, ni los cubanos, le fallaremos nunca a la Revoluci\u00f3n. Tenemos la m\u00e1s profunda convicci\u00f3n y absoluta seguridad de que trabajaremos con firmeza, entusiasmo, motivaci\u00f3n y no nos dejaremos aplastar por ninguna dificultad u obst\u00e1culo, porque como expresara nuestro invicto Comandante en Jefe Fidel Castro en Sancti Sp\u00edritus, el 26 de julio de 1986:<\/p>\n<p>Aqu\u00ed se puede hablar de patriotismo, aqu\u00ed se puede hablar de firmeza, aqu\u00ed se puede hablar de hero\u00edsmo, aqu\u00ed se puede hablar de valent\u00eda, aqu\u00ed se puede desafiar todos los riesgos, todos los peligros, aqu\u00ed se puede hablar de dificultades, como se puede hablar a lo largo y ancho de nuestra patria, sin temor a ninguna de ellas.<\/p>\n<p>El momento es dif\u00edcil, pero la historia que le antecede es aleccionadora, tan inspiradora, tan heroica, que ella solo responde a todas las interrogantes con la siempre desafiante frase con la que el General de Ej\u00e9rcito nos ense\u00f1\u00f3 a enfrentar las dificultades: \u00a1S\u00ed se puede!<\/p>\n<p>Y ratificamos lo que nos expresara Miguel D\u00edaz-Canel Berm\u00fadez en la clausura del tercer per\u00edodo ordinario de sesiones.<\/p>\n<p>Espirituanos, \u00a1sigamos la marcha!<\/p>\n<p>\u00a1Gloria eterna a los h\u00e9roes y m\u00e1rtires del 26 de julio!<\/p>\n<p>\u00a1Viva la Revoluci\u00f3n Cubana!<\/p>\n<p>\u00a1Patria o Muerte, Venceremos!<\/p>\n","protected":false},"excerpt":{"rendered":"<p>\u201cNi los espirituanos ni los cubanos les fallaremos a la Revoluci\u00f3n porque en nuestra tierra se habla de hero\u00edsmo y valent\u00eda y estamos convencidos de que s\u00ed se puede\u201d, asegur\u00f3 Deivy P\u00e9rez Mart\u00edn, miembro del Comit\u00e9 Central del Partido y su primera secretaria en la provincia, al intervenir en el acto central por el 26 de Julio, efectuado este viernes en Sancti Sp\u00edritus.<\/p>\n","protected":false},"author":4,"featured_media":31067,"comment_status":"open","ping_status":"open","sticky":false,"template":"","format":"standard","meta":{"_acf_changed":false,"footnotes":""},"categories":[8,1],"tags":[44,38,1224],"coauthors":[],"class_list":["post-31091","post","type-post","status-publish","format-standard","has-post-thumbnail","hentry","category-noticia","category-sancti-spiritus","tag-deivy-perez-martin","tag-dia-de-la-rebeldia-nacional","tag-sancti-spiritus-en-26"],"acf":[],"_links":{"self":[{"href":"https:\/\/www.radiosanctispiritus.cu\/es\/wp-json\/wp\/v2\/posts\/31091","targetHints":{"allow":["GET"]}}],"collection":[{"href":"https:\/\/www.radiosanctispiritus.cu\/es\/wp-json\/wp\/v2\/posts"}],"about":[{"href":"https:\/\/www.radiosanctispiritus.cu\/es\/wp-json\/wp\/v2\/types\/post"}],"author":[{"embeddable":true,"href":"https:\/\/www.radiosanctispiritus.cu\/es\/wp-json\/wp\/v2\/users\/4"}],"replies":[{"embeddable":true,"href":"https:\/\/www.radiosanctispiritus.cu\/es\/wp-json\/wp\/v2\/comments?post=31091"}],"version-history":[{"count":0,"href":"https:\/\/www.radiosanctispiritus.cu\/es\/wp-json\/wp\/v2\/posts\/31091\/revisions"}],"wp:featuredmedia":[{"embeddable":true,"href":"https:\/\/www.radiosanctispiritus.cu\/es\/wp-json\/wp\/v2\/media\/31067"}],"wp:attachment":[{"href":"https:\/\/www.radiosanctispiritus.cu\/es\/wp-json\/wp\/v2\/media?parent=31091"}],"wp:term":[{"taxonomy":"category","embeddable":true,"href":"https:\/\/www.radiosanctispiritus.cu\/es\/wp-json\/wp\/v2\/categories?post=31091"},{"taxonomy":"post_tag","embeddable":true,"href":"https:\/\/www.radiosanctispiritus.cu\/es\/wp-json\/wp\/v2\/tags?post=31091"},{"taxonomy":"author","embeddable":true,"href":"https:\/\/www.radiosanctispiritus.cu\/es\/wp-json\/wp\/v2\/coauthors?post=31091"}],"curies":[{"name":"wp","href":"https:\/\/api.w.org\/{rel}","templated":true}]}}