{"id":31090,"date":"2024-07-26T07:22:35","date_gmt":"2024-07-26T11:22:35","guid":{"rendered":"https:\/\/www.radiosanctispiritus.cu\/es\/?p=31090"},"modified":"2024-07-26T17:17:00","modified_gmt":"2024-07-26T21:17:00","slug":"salvador-valdes-mesa-en-sancti-spiritus-en-26-para-fidel-el-primer-pensamiento","status":"publish","type":"post","link":"https:\/\/www.radiosanctispiritus.cu\/es\/salvador-valdes-mesa-en-sancti-spiritus-en-26-para-fidel-el-primer-pensamiento\/","title":{"rendered":"Salvador Vald\u00e9s Mesa en Sancti Sp\u00edritus en 26: Para Fidel el primer pensamiento"},"content":{"rendered":"<p>El miembro del Bur\u00f3 Pol\u00edtico del Partido Comunista de Cuba y Vicepresidente de la Rep\u00fablica, Salvador Vald\u00e9s Mesa, pronunci\u00f3 las palabras centrales del acto nacional por el aniversario 71 del asalto a los cuarteles Moncada y Carlos Manuel de C\u00e9spedes, efectuado este viernes en Sancti Sp\u00edritus con la presencia del l\u00edder de la Revoluci\u00f3n, General de Ej\u00e9rcito Ra\u00fal Castro, y el Primer Secretario del PCC y presidente Miguel D\u00edaz-Canel.<\/p>\n<p><strong>A continuaci\u00f3n el discurso \u00edntegro de Salvador Vald\u00e9s:<\/strong><\/p>\n<p>Querido General de Ej\u00e9rcito Ra\u00fal Castro Ruz, l\u00edder de la Revoluci\u00f3n Cubana,<\/p>\n<p>Compa\u00f1ero Miguel D\u00edaz-Canel Berm\u00fadez, Primer Secretario del Comit\u00e9 Central del Partido Comunista de Cuba, y Presidente de la Rep\u00fablica;<\/p>\n<p>Comandante de la Revoluci\u00f3n, Ramiro Vald\u00e9s Men\u00e9ndez, asaltante al Moncada;<\/p>\n<p>Comandante del Ej\u00e9rcito Rebelde, Jos\u00e9 Ram\u00f3n Machado Ventura;<\/p>\n<p>Combatientes de la gesta del 26 de Julio y expedicionarios del Granma;<\/p>\n<p>Familiares de los ca\u00eddos;<\/p>\n<p>Distinguidos invitados que nos honran con su presencia;<\/p>\n<p>Espirituanas y espirituanos;<\/p>\n<p>En esta conmemoraci\u00f3n, como ha sido siempre, para Fidel el primer pensamiento. Sus palabras, pronunciadas hace hoy exactamente 41 a\u00f1os, est\u00e1n cada vez m\u00e1s vigentes, cito:<\/p>\n<p>\u201cEn una sola cosa somos iguales al 26 de julio de 1953: la misma fe en los destinos de la Patria, la misma confianza en las virtudes de nuestro pueblo, la misma seguridad en la victoria, la misma capacidad de so\u00f1ar con todo aquello que ser\u00e1n realidades de ma\u00f1ana por encima de los sue\u00f1os ya realizados de ayer\u201d, fin de la cita.<\/p>\n<p>Y algo a\u00fan m\u00e1s importante: se mantiene firme e inalterable la fidelidad de nuestro pueblo a las ideas por las cuales el Comandante en Jefe fue al Moncada y luch\u00f3 durante toda su vida; la decisi\u00f3n de continuar haci\u00e9ndolas realidad y de mantener por siempre vivos el esp\u00edritu de resistencia, la combatividad, el pensamiento dial\u00e9ctico y la fe en la victoria que supo inculcarnos, en primer lugar con su ejemplo.<\/p>\n<p>El 26 de julio de 1953 marc\u00f3 un punto de inflexi\u00f3n definitivo en el devenir hist\u00f3rico cubano; se\u00f1al\u00f3 el rumbo que hemos seguido hasta el presente; acu\u00f1\u00f3 verdades de valor permanente; estableci\u00f3 principios \u00e9ticos para todos los tiempos y defini\u00f3 la actitud invariable a mantener ante peligros, retos y dificultades, por insalvables que pudieran parecer.<\/p>\n<p>Estas verdades, al igual que la unidad, son poderosas armas, m\u00e1s a\u00fan en circunstancias complejas como las actuales.<\/p>\n<p>De las m\u00e1s amargas p\u00e1ginas de la historia de Cuba, aprendi\u00f3 Jos\u00e9 Mart\u00ed, que la divisi\u00f3n, conduce inexorablemente a la derrota. Al reiniciar la guerra por la independencia alert\u00f3 a sus compatriotas, cito: \u201cA un plan obedece nuestro enemigo: al de enconarnos, dispersarnos, dividirnos, ahogarnos. Por eso obedecemos nosotros a otro plan: ense\u00f1arnos en toda nuestra altura, apretarnos, juntarnos, burlarlo, mantener a nuestra patria libre\u201d, fin de la cita.<\/p>\n<p>La Generaci\u00f3n del Centenario, encabezada por Fidel, hizo suyo ese llamado martiano en la nueva y definitiva etapa de la lucha. Preservar la unidad, basada en los principios, ha sido y ser\u00e1, premisa permanente de la Revoluci\u00f3n Cubana.<\/p>\n<p>Por eso Ra\u00fal nos exhortaba a cuidarla \u00abm\u00e1s, que a la ni\u00f1a de nuestros ojos\u00bb, en sus medulares palabras el pasado primero de enero en Santiago de Cuba, y agreg\u00f3, cito: \u00abMientras mayores sean las dificultades y los peligros, m\u00e1s exigencia, disciplina y unidad se requieren\u00bb, fin de la cita.<\/p>\n<p>Compatriotas:<\/p>\n<p>Por mucho que el enemigo intente ocultarlo, cualquier persona honesta, incluso si no comparte nuestras ideas, comprende que el bloqueo recrudecido, junto al resto de las medidas agresivas implementadas contra Cuba por el gobierno de Estados Unidos, constituye la causa fundamental de las dificultades econ\u00f3micas actuales, con inevitable incidencia en todas las esferas de la sociedad.<\/p>\n<p>Sin embargo, no estamos sentados esperando a que nos quiten el bloqueo y nos retiren de la lista de supuestos patrocinadores del terrorismo, que tanto da\u00f1o nos causa al inhibir constantemente el acceso a cr\u00e9ditos y financiamiento externo, desestimular a potenciales inversionistas extranjeros, y dificultar el arribo de equipamientos y tecnolog\u00edas necesarias, entre otras afectaciones.<\/p>\n<p>Conocemos demasiado bien al imperio y a los sectores abiertamente anticubanos que alimentan y sostienen esta pol\u00edtica de m\u00e1xima asfixia, en su intento por destruir la Revoluci\u00f3n y su proyecto social. La resistencia creativa, inspirada en las ense\u00f1anzas y el legado de Fidel y el ejemplo de Ra\u00fal, ha sido y seguir\u00e1 siendo nuestra respuesta.<\/p>\n<p>En esta significativa conmemoraci\u00f3n, expreso una vez m\u00e1s el agradecimiento del pueblo a los gobiernos, partidos, movimientos solidarios o simples ciudadanos que en todo el mundo se pronuncian contra esa absurda y criminal pol\u00edtica.<\/p>\n<p>Tenemos el honor de que nos acompa\u00f1e una nutrida representaci\u00f3n de amigos solidarios de diversos pa\u00edses que en circunstancias dif\u00edciles defienden esta Revoluci\u00f3n de los humildes, por los humildes y para los humildes. Reciban, queridas compa\u00f1eras y compa\u00f1eros, un saludo de hermanos.<\/p>\n<p>Esa obstinada y perversa agresi\u00f3n hoy transcurre adem\u00e1s, en circunstancias complejas para todos los pa\u00edses, en medio de una crisis econ\u00f3mica generalizada; de cruentas guerras cuya causa m\u00e1s profunda es la insaciable ansia de ganancias intr\u00ednseca al capitalismo, el inter\u00e9s por mantener la existencia de un mundo hegem\u00f3nico unipolar; y de los efectos cada vez m\u00e1s evidentes y nefastos de un cambio clim\u00e1tico que ya nadie se atreve a ignorar.<\/p>\n<p>No nos cansaremos de denunciar, con el apoyo de pr\u00e1cticamente todos los gobiernos y especialmente de los pueblos del mundo, la cobarde actitud de la principal potencia militar y econ\u00f3mica del planeta, que como reconocieron hace muchos a\u00f1os en un documento oficial, tiene el perverso objetivo de \u201cprovocar hambre, desesperaci\u00f3n y el derrocamiento del gobierno\u201d, que saben leg\u00edtimo representante de un pueblo que solo aspira a vivir en paz, preservar su independencia y alcanzar el mayor grado posible de justicia social y bienestar.<\/p>\n<p>Lo anterior, como ha sido ratificado por nuestro Primer Secretario, compa\u00f1ero D\u00edaz-Canel, no significa en modo alguno ignorar deficiencias, insuficiencias y errores propios, al contrario, los reconocemos y debatimos a la luz p\u00fablica y dando participaci\u00f3n a cuanto compatriota exprese su disposici\u00f3n.<\/p>\n<p>En Cuba no estamos sentados lament\u00e1ndonos a la espera de que el enemigo rectifique su criminal pol\u00edtica. Si alg\u00fan d\u00eda lo hace, bienvenido sea, pero mientras persista en su enfermizo empecinamiento, debemos trabajar con inteligencia, consagraci\u00f3n y creatividad, con el m\u00e1ximo empleo de la ciencia, la t\u00e9cnica y la innovaci\u00f3n, en busca de los caminos que nos permitan sobreponernos a cada obst\u00e1culo y avanzar contando con nuestros recursos, sin esperar por milagros.<\/p>\n<p>Hemos llegado hasta aqu\u00ed y seguiremos estando, gracias a la ejemplar capacidad de resistencia, los conocimientos adquiridos como resultado de la obra de la Revoluci\u00f3n, y especialmente a la inquebrantable decisi\u00f3n de lucha y victoria de cubanas y cubanos.<\/p>\n<p>As\u00ed se hace de manera cotidiana, a sabiendas de que el enemigo amplificar\u00e1 de inmediato hasta la m\u00e1s peque\u00f1a dificultad, tergiversar\u00e1 lo dicho o simplemente mentir\u00e1 en el intento de achacarle la culpa al Socialismo que construimos o a los dirigentes del pa\u00eds, y con ello influenciar en la opini\u00f3n p\u00fablica.<\/p>\n<p>Es un mal inevitable que asumimos por estar convencidos de que es la \u00fanica forma de encontrar, entre todos, las mejores soluciones.<\/p>\n<p>As\u00ed lo demostraron, una vez m\u00e1s, los profundos, sinceros y cr\u00edticos an\u00e1lisis, realizados hace pocos d\u00edas durante las jornadas del VIII Pleno del Comit\u00e9 Central del Partido y del tercer per\u00edodo ordinario de sesiones de la Asamblea Nacional del Poder Popular, en especial, el medular discurso de clausura del compa\u00f1ero Presidente de la Rep\u00fablica que encierra orientaciones y conceptos que debemos implementar.<\/p>\n<p>Siempre ser\u00e1 poco el reconocimiento a este pueblo, que enfrenta las dificultades de la vida cotidiana, sin perder la confianza en que solo el Socialismo puede vencerlas con justicia, sin dejar a nadie abandonado a su suerte, buscando alternativas y soluciones y priorizando los sectores y grupos poblacionales en condiciones de mayor vulnerabilidad.<\/p>\n<p>En la producci\u00f3n de alimentos, debemos y podemos obtener, con trabajo, sudor e inteligencia, la mayor\u00eda de los productos que el pa\u00eds consume, pues hoy resulta sencillamente impagable el precio de lo que antes import\u00e1bamos.<\/p>\n<p>En esta importante actividad est\u00e1 llamado a desempe\u00f1ar un papel protag\u00f3nico el municipio, pues en la mayor\u00eda de ellos la actividad agropecuaria constituye su principal rubro econ\u00f3mico o al menos est\u00e1 entre estos.<\/p>\n<p>De igual manera, es necesario que el municipio logre alcanzar un mayor grado de autonom\u00eda, soberan\u00eda y seguridad alimentaria, y desarrollo territorial. Alcanzar esos prop\u00f3sitos es tambi\u00e9n un asunto de seguridad nacional.<\/p>\n<p>Otras importantes actividades a las que debemos dar la m\u00e1xima atenci\u00f3n, son incrementar las exportaciones que nos aporten las divisas que tanto la econom\u00eda necesita; aplicar las medidas necesarias para alcanzar el equilibrio macroecon\u00f3mico, primordial para detener y comenzar a revertir el proceso inflacionario, que tanto afecta a los ingresos reales de trabajadores y jubilados; a la vez continuar adoptando cuanta medida resulte racional y l\u00f3gica en el enfrentamiento a los precios abusivos y especulativos en productos de primera necesidad, como las aplicadas en fecha reciente.<\/p>\n<p>Asociado a lo anterior, resulta impostergable reducir gastos no imprescindibles e incrementar los ingresos al Presupuesto, incluido el enfrentamiento decidido a quienes subdeclaran o evaden el pago de los impuestos y otras contribuciones a que est\u00e1n obligados.<\/p>\n<p>Igual que ocurre en cualquier familia, ninguna naci\u00f3n puede darse el lujo de gastar m\u00e1s de lo que produce.<\/p>\n<p>Avanza el plan de inversiones en fuentes renovables de energ\u00eda. Su principal objetivo es lograr, en el menor plazo posible, la estabilizaci\u00f3n y posterior recuperaci\u00f3n del sistema electroenerg\u00e9tico nacional, en lo que el ahorro -como en todo lo dem\u00e1s- tiene un papel fundamental.<\/p>\n<p>Se deber\u00e1 avanzar en concretar las definitivas transformaciones de la empresa estatal socialista, que la consolide como el principal sujeto de la econom\u00eda y que su desempe\u00f1o responda a lo que demanda las circunstancias del momento actual e impacte en todos los \u00e1mbitos en que se desarrolla la vida econ\u00f3mica y social del pa\u00eds.<\/p>\n<p>Igualmente, tenemos que enfrentar de una manera m\u00e1s decidida, en\u00e9rgica y participativa, las ilegalidades, indisciplinas y hechos de corrupci\u00f3n. Hay que sancionar con la severidad y rigor que admite la Ley, toda manifestaci\u00f3n de violencia y discriminaci\u00f3n, indisciplinas sociales, actos de vandalismos y otras actitudes que debilitan el orden, la tranquilidad y la seguridad ciudadana.<\/p>\n<p>Continuaremos asumiendo esa batalla con la energ\u00eda que su peligro entra\u00f1a, incluso para la propia existencia de la Revoluci\u00f3n.<\/p>\n<p>Lo hasta aqu\u00ed mencionado, se concreta en gran medida en el proceso de implementaci\u00f3n de las proyecciones del gobierno para corregir distorsiones y reimpulsar la econom\u00eda en el presente a\u00f1o, en el cual se avanza \u2013como explic\u00f3 recientemente el Primer Ministro en la Asamblea Nacional\u2013 sin apresuramientos, midiendo bien antes de dar cada paso, sobre todo valorando el impacto de la medida en las personas de menores ingresos, pero a la vez con la urgencia que las circunstancias actuales lo exigen.<\/p>\n<p>Se continuar\u00e1 avanzando decididamente en todos estos frentes sin descuidar ni por un instante la defensa de la Patria en su sentido m\u00e1s amplio. Continuar\u00e1 siendo impagable para el enemigo el precio de una agresi\u00f3n militar, directa o mediante mercenarios terroristas, como la que se pretendi\u00f3 orquestar recientemente.<\/p>\n<p>La vigilancia revolucionaria no la podemos descuidar jam\u00e1s, con la participaci\u00f3n consciente y activa de trabajadores, campesinos, estudiantes, amas de casa y el pueblo en general, convencidos de que constituye la v\u00eda m\u00e1s efectiva de enfrentar la subversi\u00f3n, el delito, la corrupci\u00f3n y las no menos peligrosas indisciplina, desorganizaci\u00f3n, indolencia, descuido y falta de control.<\/p>\n<p>Se seguir\u00e1 fortaleciendo la decisiva labor pol\u00edtico ideol\u00f3gica, en la que se impone perfeccionar el empleo de los medios de difusi\u00f3n y las redes sociales digitales, campo en que la contrarrevoluci\u00f3n trata de aprovechar el enorme potencial tecnol\u00f3gico y financiero puesto a su disposici\u00f3n por el gobierno de los Estados Unidos.<\/p>\n<p>Es algo necesario e importante, pero no olvidamos un instante que la principal y m\u00e1s efectiva trinchera de este combate, es el contacto cotidiano, directo y sincero con nuestros compatriotas, especialmente con los m\u00e1s j\u00f3venes y precisamente all\u00ed donde sean mayores las dificultades, los problemas o las incomprensiones, con las armas de la verdad y la raz\u00f3n.<\/p>\n<p>Son retos que enfrentamos cumpliendo la premisa planteada por el Comandante en Jefe en la conmemoraci\u00f3n del aniversario 33 del asalto al Moncada, en esta misma ciudad, cuando alert\u00f3, cito:<\/p>\n<p>\u201cNo vale la pena avanzar si no se consolida lo que se ha hecho\u201d y agreg\u00f3: \u201c&#8230;no hemos sido capaces de recalcar y de inculcar que el primer deber del revolucionario es el trabajo (&#8230;) solo del trabajo va a salir la riqueza\u201d. Y concluy\u00f3: \u201cUn pueblo que es capaz de vencer sus propios defectos, sus propios errores; un pueblo que no teme a nada, un pueblo que no se doblega ante nada ni ante nadie, es y ser\u00e1 siempre un pueblo invencible\u201d, fin de la cita.<\/p>\n<p>As\u00ed se ha hecho en Sancti Sp\u00edritus hasta alcanzar resultados econ\u00f3micos y sociales que la hicieron merecedora de la sede de este acto, sobre los cuales se inform\u00f3 sucintamente hace breves momentos. La comunicaci\u00f3n del Bur\u00f3 Pol\u00edtico sobre esta decisi\u00f3n precisa que la provincia, como las restantes, no est\u00e1 exenta de las complejidades que vive el pa\u00eds, pero le distingue que ante cada insuficiencia y problema emprendi\u00f3 acciones dirigidas a su soluci\u00f3n.<\/p>\n<p>En nombre de la direcci\u00f3n del Partido, el Gobierno, y de todo el pueblo, reciban una merecida felicitaci\u00f3n las espirituanas y espirituanos por tanto esfuerzo y especialmente por sus resultados.<\/p>\n<p>Es justo tambi\u00e9n reconocer la efectiva labor de los cuadros a todos los niveles, encabezados por la primera secretaria del Partido, Deivy P\u00e9rez Mart\u00edn, y el gobernador de la provincia, Alexis Lorente Jim\u00e9nez, por aplicar un estilo y m\u00e9todos de trabajo caracterizados por el control sistem\u00e1tico, la exigencia y el v\u00ednculo permanente con las masas, lo cual ha permitido lograr en este territorio una estabilidad en programas de amplio alcance social relacionados con la educaci\u00f3n, la cultura, el deporte, la salud y otros sectores.<\/p>\n<p>Los espirituanos, como todo nuestro pueblo, han sabido estar, una vez m\u00e1s, a la altura de su gloriosa historia, que atesora un admirable legado de tradici\u00f3n de lucha desde la etapa colonial hasta el presente.<\/p>\n<p>Sancti Sp\u00edritus tiene un lugar destacado en la guerra de liberaci\u00f3n y en la entrega de sus hijos a la Patria y a la construcci\u00f3n de la nueva sociedad, anticipada por Fidel en el Programa del Moncada.<\/p>\n<p>Las bellas im\u00e1genes que hemos podido disfrutar durante el acto, rememoran momentos culminantes de la gesta que en estos campos protagonizaron hombres de la talla de Seraf\u00edn S\u00e1nchez Valdivia. En la manigua espirituana vino al mundo Panchito G\u00f3mez Toro, paradigma del patriotismo, la fidelidad y la valent\u00eda de la juventud cubana.<\/p>\n<p>Esa es la estirpe de nuestro pueblo, de los combatientes del Ej\u00e9rcito Rebelde y de la lucha clandestina; de los milicianos de Gir\u00f3n y la lucha contra bandidos, que tuvo un escenario decisivo en esta provincia; de sus internacionalistas; de los millones de cubanas y cubanos que enfrentan los no menos complejos y peligrosos desaf\u00edos actuales.<\/p>\n<p>Que el enemigo no se haga nuevas ilusiones, pues inexorablemente lo llevar\u00e1n otra vez al desenga\u00f1o.<\/p>\n<p>Los herederos de tan extraordinario caudal de hero\u00edsmo y sacrificio, continuaremos por siempre la obra de la Revoluci\u00f3n.<\/p>\n<p>Frente a cada obst\u00e1culo, dificultad o sacrificio en bien de la Patria, incluido el de la propia vida, continuaremos repitiendo aquella sublime orden del Mayor General Seraf\u00edn S\u00e1nchez Valdivia, sabi\u00e9ndose herido de muerte por una bala enemiga:<\/p>\n<p>\u201c\u00a1No importa, que siga la marcha!\u201d.<\/p>\n<p>\u00a1Gloria eterna a nuestros h\u00e9roes y m\u00e1rtires!<\/p>\n<p>\u00a1Vivan la Revoluci\u00f3n y el Socialismo!<\/p>\n","protected":false},"excerpt":{"rendered":"<p>El miembro del Bur\u00f3 Pol\u00edtico del Partido Comunista de Cuba y Vicepresidente de la Rep\u00fablica, Salvador Vald\u00e9s Mesa, pronunci\u00f3 las palabras centrales del acto nacional por el aniversario 71 del asalto a los cuarteles Moncada y Carlos Manuel de C\u00e9spedes, efectuado este viernes en Sancti Sp\u00edritus con la presencia del l\u00edder de la revoluci\u00f3n, General de Ej\u00e9rcito Ra\u00fal Castro, y el Primer Secretario del PCC y presidente Miguel D\u00edaz-Canel.<\/p>\n","protected":false},"author":4,"featured_media":31168,"comment_status":"open","ping_status":"open","sticky":false,"template":"","format":"standard","meta":{"_acf_changed":false,"footnotes":""},"categories":[1],"tags":[38,1224],"coauthors":[],"class_list":["post-31090","post","type-post","status-publish","format-standard","has-post-thumbnail","hentry","category-sancti-spiritus","tag-dia-de-la-rebeldia-nacional","tag-sancti-spiritus-en-26"],"acf":[],"_links":{"self":[{"href":"https:\/\/www.radiosanctispiritus.cu\/es\/wp-json\/wp\/v2\/posts\/31090","targetHints":{"allow":["GET"]}}],"collection":[{"href":"https:\/\/www.radiosanctispiritus.cu\/es\/wp-json\/wp\/v2\/posts"}],"about":[{"href":"https:\/\/www.radiosanctispiritus.cu\/es\/wp-json\/wp\/v2\/types\/post"}],"author":[{"embeddable":true,"href":"https:\/\/www.radiosanctispiritus.cu\/es\/wp-json\/wp\/v2\/users\/4"}],"replies":[{"embeddable":true,"href":"https:\/\/www.radiosanctispiritus.cu\/es\/wp-json\/wp\/v2\/comments?post=31090"}],"version-history":[{"count":0,"href":"https:\/\/www.radiosanctispiritus.cu\/es\/wp-json\/wp\/v2\/posts\/31090\/revisions"}],"wp:featuredmedia":[{"embeddable":true,"href":"https:\/\/www.radiosanctispiritus.cu\/es\/wp-json\/wp\/v2\/media\/31168"}],"wp:attachment":[{"href":"https:\/\/www.radiosanctispiritus.cu\/es\/wp-json\/wp\/v2\/media?parent=31090"}],"wp:term":[{"taxonomy":"category","embeddable":true,"href":"https:\/\/www.radiosanctispiritus.cu\/es\/wp-json\/wp\/v2\/categories?post=31090"},{"taxonomy":"post_tag","embeddable":true,"href":"https:\/\/www.radiosanctispiritus.cu\/es\/wp-json\/wp\/v2\/tags?post=31090"},{"taxonomy":"author","embeddable":true,"href":"https:\/\/www.radiosanctispiritus.cu\/es\/wp-json\/wp\/v2\/coauthors?post=31090"}],"curies":[{"name":"wp","href":"https:\/\/api.w.org\/{rel}","templated":true}]}}