{"id":31005,"date":"2024-07-26T07:34:27","date_gmt":"2024-07-26T11:34:27","guid":{"rendered":"https:\/\/www.radiosanctispiritus.cu\/es\/?p=31005"},"modified":"2024-07-26T17:16:12","modified_gmt":"2024-07-26T21:16:12","slug":"acoge-plaza-de-la-revolucion-serafin-sanchez-valdivia-acto-nacional-por-el-26-de-julio","status":"publish","type":"post","link":"https:\/\/www.radiosanctispiritus.cu\/es\/acoge-plaza-de-la-revolucion-serafin-sanchez-valdivia-acto-nacional-por-el-26-de-julio\/","title":{"rendered":"Sancti Sp\u00edritus en 26: Han sabido estar, una vez m\u00e1s, a la altura de su gloriosa historia (+Fotos)"},"content":{"rendered":"<p>El General de Ej\u00e9rcito Ra\u00fal Castro Ruz, l\u00edder de la Revoluci\u00f3n, y el Primer Secretario del Comit\u00e9 Central del Partido Comunista de Cuba (PCC) y Presidente de la Rep\u00fablica, Miguel D\u00edaz-Canel Berm\u00fadez, encabezaron este viernes en Sancti Sp\u00edritus el acto nacional por el aniversario 71 del asalto a los cuarteles Moncada y Carlos Manuel de C\u00e9spedes.<\/p>\n<p>En la Plaza de la Revoluci\u00f3n<strong> \u00a0<\/strong>Seraf\u00edn S\u00e1nchez Valdivia, una representaci\u00f3n del pueblo espirituano se dio cita para conmemorar el D\u00eda de la Rebeld\u00eda Nacional, ocasi\u00f3n propicia para reconocer el trabajo de la provincia que le permiti\u00f3 obtener la sede de tan importante efem\u00e9rides, por tercera ocasi\u00f3n.<\/p>\n<p>Tambi\u00e9n estuvieron presentes el Comandante de la Revoluci\u00f3n y asaltante al Moncada, Ramiro Vald\u00e9s Men\u00e9ndez,\u00a0 y Jos\u00e9 Ram\u00f3n Machado Ventura, Comandante del Ej\u00e9rcito Rebelde, as\u00ed como la integrante del Comit\u00e9 Central y primera secretaria del Partido, Deivy P\u00e9rez Mart\u00edn, y el gobernador de la provincia Alexis Lorente.<\/p>\n<p>Junto a unos 5 mil espirituanos, cerca de 140 amigos solidarios procedentes de 25 naciones, reafirmaron con su presencia su postura en contra del bloqueo que mantiene Estados Unidos contra Cuba y rechazaron la injusta permanencia de la isla en la lista de naciones patrocinadoras del terrorismo.<\/p>\n<div id=\"attachment_31168\" style=\"width: 610px\" class=\"wp-caption aligncenter\"><img decoding=\"async\" aria-describedby=\"caption-attachment-31168\" class=\"size-medium wp-image-31168\" src=\"https:\/\/www.radiosanctispiritus.cu\/es\/wp-content\/uploads\/Acto-ER-VM-2-600x436.jpg\" alt=\"\" width=\"600\" height=\"436\" srcset=\"https:\/\/www.radiosanctispiritus.cu\/es\/wp-content\/uploads\/Acto-ER-VM-2-600x436.jpg 600w, https:\/\/www.radiosanctispiritus.cu\/es\/wp-content\/uploads\/Acto-ER-VM-2-1024x743.jpg 1024w, https:\/\/www.radiosanctispiritus.cu\/es\/wp-content\/uploads\/Acto-ER-VM-2-768x558.jpg 768w, https:\/\/www.radiosanctispiritus.cu\/es\/wp-content\/uploads\/Acto-ER-VM-2.jpg 1080w\" sizes=\"(max-width: 600px) 100vw, 600px\" \/><p id=\"caption-attachment-31168\" class=\"wp-caption-text\">Foto: Estudios Revoluci\u00f3n.<\/p><\/div>\n<p><a href=\"https:\/\/www.radiosanctispiritus.cu\/es\/salvador-valdes-mesa-en-sancti-spiritus-en-26-para-fidel-el-primer-pensamiento\/\">Salvador Vald\u00e9s Mesa, miembro del Bur\u00f3 Pol\u00edtico del PCC y Vicepresidente de Cuba afirm\u00f3 al resumir el acto<\/a> que \u00abLos espirituanos, como todo nuestro pueblo, han sabido estar, una vez m\u00e1s, a la altura de su gloriosa historia, que atesora un admirable legado de tradici\u00f3n de lucha desde la etapa colonial hasta el presente\u00bb.<\/p>\n<p>Al referirse a la situaci\u00f3n actual que enfrenta el pa\u00eds, Salvador Vald\u00e9s precis\u00f3: \u00ab<span lang=\"es-CU\" style=\"color: black;\">En Cuba no estamos sentados lament\u00e1ndonos a la espera de que el enemigo rectifique su criminal pol\u00edtica. Si alg\u00fan d\u00eda lo hace, bienvenido sea, pero mientras persista en su enfermizo empecinamiento, debemos trabajar con inteligencia, consagraci\u00f3n y creatividad, con el m\u00e1ximo empleo de la ciencia, la t\u00e9cnica y la innovaci\u00f3n, en busca de los caminos que nos permitan sobreponernos a cada obst\u00e1culo y avanzar contando con nuestros recursos, sin esperar por milagros\u00bb.<\/span><\/p>\n<p><img decoding=\"async\" class=\"aligncenter size-medium wp-image-31067\" src=\"https:\/\/www.radiosanctispiritus.cu\/es\/wp-content\/uploads\/deivy-1-600x719.jpg\" alt=\"\" width=\"600\" height=\"719\" srcset=\"https:\/\/www.radiosanctispiritus.cu\/es\/wp-content\/uploads\/deivy-1-600x719.jpg 600w, https:\/\/www.radiosanctispiritus.cu\/es\/wp-content\/uploads\/deivy-1-855x1024.jpg 855w, https:\/\/www.radiosanctispiritus.cu\/es\/wp-content\/uploads\/deivy-1-768x920.jpg 768w, https:\/\/www.radiosanctispiritus.cu\/es\/wp-content\/uploads\/deivy-1.jpg 1222w\" sizes=\"(max-width: 600px) 100vw, 600px\" \/><a href=\"https:\/\/www.radiosanctispiritus.cu\/es\/deivy-perez-martin-en-el-acto-por-el-26-los-espirituanos-ni-los-cubanos-le-fallaremos-nunca-a-la-revolucion\/\">Deivy P\u00e9rez Mart\u00edn, miembro del Comit\u00e9 Central del Partido y su Primera Secretaria en Sancti Sp\u00edritus<\/a>, inform\u00f3 que al calor de la fecha se\u00a0 promovieron numerosas acciones constructivas que han permitido mejorar la infraestructura y los servicios de sectores como educaci\u00f3n, salud, cultura, deporte, turismo, agricultura, comercio, comunicaciones y acueductos.<\/p>\n<div id=\"attachment_31054\" style=\"width: 610px\" class=\"wp-caption aligncenter\"><img decoding=\"async\" aria-describedby=\"caption-attachment-31054\" class=\"size-medium wp-image-31054\" src=\"https:\/\/www.radiosanctispiritus.cu\/es\/wp-content\/uploads\/plaza-de-la-rev-1-600x277.jpg\" alt=\"Multitudinaria la participaci\u00f3n en el acto central nacional por el 26 de Julio en Sancti Spiritus. Foto: Arelys Garc\u00eda.\" width=\"600\" height=\"277\" srcset=\"https:\/\/www.radiosanctispiritus.cu\/es\/wp-content\/uploads\/plaza-de-la-rev-1-600x277.jpg 600w, https:\/\/www.radiosanctispiritus.cu\/es\/wp-content\/uploads\/plaza-de-la-rev-1.jpg 768w\" sizes=\"(max-width: 600px) 100vw, 600px\" \/><p id=\"caption-attachment-31054\" class=\"wp-caption-text\">Multitudinaria la participaci\u00f3n en el acto central nacional por el 26 de Julio en Sancti Spiritus. Foto: Arelys Garc\u00eda.<\/p><\/div>\n<p><img decoding=\"async\" class=\"aligncenter size-medium wp-image-31055\" src=\"https:\/\/www.radiosanctispiritus.cu\/es\/wp-content\/uploads\/plaza-de-la-rev-2-600x277.jpg\" alt=\"\" width=\"600\" height=\"277\" srcset=\"https:\/\/www.radiosanctispiritus.cu\/es\/wp-content\/uploads\/plaza-de-la-rev-2-600x277.jpg 600w, https:\/\/www.radiosanctispiritus.cu\/es\/wp-content\/uploads\/plaza-de-la-rev-2.jpg 768w\" sizes=\"(max-width: 600px) 100vw, 600px\" \/><\/p>\n<p><img decoding=\"async\" class=\"aligncenter size-medium wp-image-31056\" src=\"https:\/\/www.radiosanctispiritus.cu\/es\/wp-content\/uploads\/plaza-de-la-rev-3-600x277.jpg\" alt=\"\" width=\"600\" height=\"277\" srcset=\"https:\/\/www.radiosanctispiritus.cu\/es\/wp-content\/uploads\/plaza-de-la-rev-3-600x277.jpg 600w, https:\/\/www.radiosanctispiritus.cu\/es\/wp-content\/uploads\/plaza-de-la-rev-3.jpg 768w\" sizes=\"(max-width: 600px) 100vw, 600px\" \/><\/p>\n<div id=\"attachment_31129\" style=\"width: 610px\" class=\"wp-caption aligncenter\"><img decoding=\"async\" aria-describedby=\"caption-attachment-31129\" class=\"size-medium wp-image-31129\" src=\"https:\/\/www.radiosanctispiritus.cu\/es\/wp-content\/uploads\/acto26-5-1-600x494.jpg\" alt=\"Foto: Oscar Alfonso Sosa.\" width=\"600\" height=\"494\" srcset=\"https:\/\/www.radiosanctispiritus.cu\/es\/wp-content\/uploads\/acto26-5-1-600x494.jpg 600w, https:\/\/www.radiosanctispiritus.cu\/es\/wp-content\/uploads\/acto26-5-1-768x632.jpg 768w, https:\/\/www.radiosanctispiritus.cu\/es\/wp-content\/uploads\/acto26-5-1.jpg 800w\" sizes=\"(max-width: 600px) 100vw, 600px\" \/><p id=\"caption-attachment-31129\" class=\"wp-caption-text\">Foto: Oscar Alfonso Sosa.<\/p><\/div>\n<p>&nbsp;<\/p>\n<div id=\"attachment_31128\" style=\"width: 610px\" class=\"wp-caption aligncenter\"><img decoding=\"async\" aria-describedby=\"caption-attachment-31128\" class=\"size-medium wp-image-31128\" src=\"https:\/\/www.radiosanctispiritus.cu\/es\/wp-content\/uploads\/acto26-4-600x623.jpg\" alt=\"Foto: Oscar Alfonso Sosa.\" width=\"600\" height=\"623\" srcset=\"https:\/\/www.radiosanctispiritus.cu\/es\/wp-content\/uploads\/acto26-4-600x623.jpg 600w, https:\/\/www.radiosanctispiritus.cu\/es\/wp-content\/uploads\/acto26-4.jpg 768w\" sizes=\"(max-width: 600px) 100vw, 600px\" \/><p id=\"caption-attachment-31128\" class=\"wp-caption-text\">Foto: Oscar Alfonso Sosa.<\/p><\/div>\n<div id=\"attachment_31127\" style=\"width: 610px\" class=\"wp-caption aligncenter\"><img decoding=\"async\" aria-describedby=\"caption-attachment-31127\" class=\"size-medium wp-image-31127\" src=\"https:\/\/www.radiosanctispiritus.cu\/es\/wp-content\/uploads\/acto26-3-1-600x561.jpg\" alt=\"Foto: Oscar Alfonso Sosa.\" width=\"600\" height=\"561\" srcset=\"https:\/\/www.radiosanctispiritus.cu\/es\/wp-content\/uploads\/acto26-3-1-600x561.jpg 600w, https:\/\/www.radiosanctispiritus.cu\/es\/wp-content\/uploads\/acto26-3-1-768x718.jpg 768w, https:\/\/www.radiosanctispiritus.cu\/es\/wp-content\/uploads\/acto26-3-1.jpg 800w\" sizes=\"(max-width: 600px) 100vw, 600px\" \/><p id=\"caption-attachment-31127\" class=\"wp-caption-text\">Foto: Oscar Alfonso Sosa.<\/p><\/div>\n<div id=\"attachment_31126\" style=\"width: 610px\" class=\"wp-caption aligncenter\"><img decoding=\"async\" aria-describedby=\"caption-attachment-31126\" class=\"size-medium wp-image-31126\" src=\"https:\/\/www.radiosanctispiritus.cu\/es\/wp-content\/uploads\/acto26-2-1-600x670.jpg\" alt=\"Foto: Oscar Alfonso Sosa.\" width=\"600\" height=\"670\" srcset=\"https:\/\/www.radiosanctispiritus.cu\/es\/wp-content\/uploads\/acto26-2-1-600x670.jpg 600w, https:\/\/www.radiosanctispiritus.cu\/es\/wp-content\/uploads\/acto26-2-1.jpg 716w\" sizes=\"(max-width: 600px) 100vw, 600px\" \/><p id=\"caption-attachment-31126\" class=\"wp-caption-text\">Foto: Oscar Alfonso Sosa.<\/p><\/div>\n<div id=\"attachment_31125\" style=\"width: 610px\" class=\"wp-caption aligncenter\"><img decoding=\"async\" aria-describedby=\"caption-attachment-31125\" class=\"size-medium wp-image-31125\" src=\"https:\/\/www.radiosanctispiritus.cu\/es\/wp-content\/uploads\/acto26-1-600x458.jpg\" alt=\"Cerca de 140 amigos solidarios procedentes de 25 naciones presentes en la Plaza de la Revoluci\u00f3n Seraf\u00edn S\u00e1nchez Valdivia. Foto: Oscar Alfonso Sosa.\" width=\"600\" height=\"458\" srcset=\"https:\/\/www.radiosanctispiritus.cu\/es\/wp-content\/uploads\/acto26-1-600x458.jpg 600w, https:\/\/www.radiosanctispiritus.cu\/es\/wp-content\/uploads\/acto26-1-768x586.jpg 768w, https:\/\/www.radiosanctispiritus.cu\/es\/wp-content\/uploads\/acto26-1.jpg 800w\" sizes=\"(max-width: 600px) 100vw, 600px\" \/><p id=\"caption-attachment-31125\" class=\"wp-caption-text\">Cerca de 140 amigos solidarios procedentes de 25 naciones presentes en la Plaza de la Revoluci\u00f3n Seraf\u00edn S\u00e1nchez Valdivia. Foto: Oscar Alfonso Sosa.<\/p><\/div>\n<div id=\"attachment_31130\" style=\"width: 610px\" class=\"wp-caption aligncenter\"><img decoding=\"async\" aria-describedby=\"caption-attachment-31130\" class=\"size-medium wp-image-31130\" src=\"https:\/\/www.radiosanctispiritus.cu\/es\/wp-content\/uploads\/acto26-7-600x442.jpg\" alt=\"Foto: Oscar Alfonso Sosa.\" width=\"600\" height=\"442\" srcset=\"https:\/\/www.radiosanctispiritus.cu\/es\/wp-content\/uploads\/acto26-7-600x442.jpg 600w, https:\/\/www.radiosanctispiritus.cu\/es\/wp-content\/uploads\/acto26-7-768x565.jpg 768w, https:\/\/www.radiosanctispiritus.cu\/es\/wp-content\/uploads\/acto26-7.jpg 800w\" sizes=\"(max-width: 600px) 100vw, 600px\" \/><p id=\"caption-attachment-31130\" class=\"wp-caption-text\">Foto: Oscar Alfonso Sosa.<\/p><\/div>\n<p>&nbsp;<\/p>\n","protected":false},"excerpt":{"rendered":"<p>El General de Ej\u00e9rcito Ra\u00fal Castro Ruz, l\u00edder de la Revoluci\u00f3n, y el Primer Secretario del Comit\u00e9 Central del Partido Comunista de Cuba y Presidente de la Rep\u00fablica, Miguel D\u00edaz-Canel Berm\u00fadez, encabezaron este viernes en Sancti Sp\u00edritus el acto nacional por el aniversario 71 del asalto a los cuarteles Moncada y Carlos Manuel de C\u00e9spedes.<\/p>\n","protected":false},"author":4,"featured_media":31167,"comment_status":"open","ping_status":"open","sticky":false,"template":"","format":"standard","meta":{"_acf_changed":false,"footnotes":""},"categories":[1],"tags":[38,28,87,1224],"coauthors":[],"class_list":["post-31005","post","type-post","status-publish","format-standard","has-post-thumbnail","hentry","category-sancti-spiritus","tag-dia-de-la-rebeldia-nacional","tag-miguel-diaz-canel","tag-raul-castro","tag-sancti-spiritus-en-26"],"acf":[],"_links":{"self":[{"href":"https:\/\/www.radiosanctispiritus.cu\/es\/wp-json\/wp\/v2\/posts\/31005","targetHints":{"allow":["GET"]}}],"collection":[{"href":"https:\/\/www.radiosanctispiritus.cu\/es\/wp-json\/wp\/v2\/posts"}],"about":[{"href":"https:\/\/www.radiosanctispiritus.cu\/es\/wp-json\/wp\/v2\/types\/post"}],"author":[{"embeddable":true,"href":"https:\/\/www.radiosanctispiritus.cu\/es\/wp-json\/wp\/v2\/users\/4"}],"replies":[{"embeddable":true,"href":"https:\/\/www.radiosanctispiritus.cu\/es\/wp-json\/wp\/v2\/comments?post=31005"}],"version-history":[{"count":0,"href":"https:\/\/www.radiosanctispiritus.cu\/es\/wp-json\/wp\/v2\/posts\/31005\/revisions"}],"wp:featuredmedia":[{"embeddable":true,"href":"https:\/\/www.radiosanctispiritus.cu\/es\/wp-json\/wp\/v2\/media\/31167"}],"wp:attachment":[{"href":"https:\/\/www.radiosanctispiritus.cu\/es\/wp-json\/wp\/v2\/media?parent=31005"}],"wp:term":[{"taxonomy":"category","embeddable":true,"href":"https:\/\/www.radiosanctispiritus.cu\/es\/wp-json\/wp\/v2\/categories?post=31005"},{"taxonomy":"post_tag","embeddable":true,"href":"https:\/\/www.radiosanctispiritus.cu\/es\/wp-json\/wp\/v2\/tags?post=31005"},{"taxonomy":"author","embeddable":true,"href":"https:\/\/www.radiosanctispiritus.cu\/es\/wp-json\/wp\/v2\/coauthors?post=31005"}],"curies":[{"name":"wp","href":"https:\/\/api.w.org\/{rel}","templated":true}]}}