{"id":3089,"date":"2022-10-07T12:58:00","date_gmt":"2022-10-07T16:58:00","guid":{"rendered":"https:\/\/www.radiosanctispiritus.cu\/es\/?p=3089"},"modified":"2022-10-07T12:58:31","modified_gmt":"2022-10-07T16:58:31","slug":"libros-desde-sancti-spiritus-para-damnificados-en-pinar-del-rio","status":"publish","type":"post","link":"https:\/\/www.radiosanctispiritus.cu\/es\/libros-desde-sancti-spiritus-para-damnificados-en-pinar-del-rio\/","title":{"rendered":"Libros desde Sancti Sp\u00edritus para damnificados en Pinar del R\u00edo"},"content":{"rendered":"<p>Una iniciativa solidaria confirma que los embates de un hurac\u00e1n estremecen los esp\u00edritus pero no da\u00f1an la sensibilidad de quienes a trav\u00e9s de la literatura fortalecen el mejoramiento espiritual.<\/p>\n<audio class=\"wp-audio-shortcode\" id=\"audio-3089-1\" preload=\"none\" style=\"width: 100%;\" controls=\"controls\"><source type=\"audio\/mpeg\" src=\"https:\/\/www.ivoox.com\/lisandra-al-dia-6-10-22_md_93561079_wp_1.mp3?_=1\" \/><a href=\"https:\/\/www.ivoox.com\/lisandra-al-dia-6-10-22_md_93561079_wp_1.mp3\" target=\"_blank\" rel=\"noopener\">https:\/\/www.ivoox.com\/lisandra-al-dia-6-10-22_md_93561079_wp_1.mp3<\/a><\/audio>\n<p>&nbsp;<\/p>\n","protected":false},"excerpt":{"rendered":"<p>Una iniciativa solidaria confirma que los embates de un hurac\u00e1n estremecen los esp\u00edritus pero no da\u00f1an la sensibilidad de quienes a trav\u00e9s de la literatura fortalecen el mejoramiento espiritual.<\/p>\n","protected":false},"author":12,"featured_media":3090,"comment_status":"open","ping_status":"open","sticky":false,"template":"","format":"standard","meta":{"_acf_changed":false,"footnotes":""},"categories":[6,9,8],"tags":[368,389,439],"coauthors":[],"class_list":["post-3089","post","type-post","status-publish","format-standard","has-post-thumbnail","hentry","category-cultura","category-en-audio","category-noticia","tag-huracan","tag-pinar-del-rio","tag-sociedad-cultural-jose-marti"],"acf":[],"_links":{"self":[{"href":"https:\/\/www.radiosanctispiritus.cu\/es\/wp-json\/wp\/v2\/posts\/3089","targetHints":{"allow":["GET"]}}],"collection":[{"href":"https:\/\/www.radiosanctispiritus.cu\/es\/wp-json\/wp\/v2\/posts"}],"about":[{"href":"https:\/\/www.radiosanctispiritus.cu\/es\/wp-json\/wp\/v2\/types\/post"}],"author":[{"embeddable":true,"href":"https:\/\/www.radiosanctispiritus.cu\/es\/wp-json\/wp\/v2\/users\/12"}],"replies":[{"embeddable":true,"href":"https:\/\/www.radiosanctispiritus.cu\/es\/wp-json\/wp\/v2\/comments?post=3089"}],"version-history":[{"count":0,"href":"https:\/\/www.radiosanctispiritus.cu\/es\/wp-json\/wp\/v2\/posts\/3089\/revisions"}],"wp:featuredmedia":[{"embeddable":true,"href":"https:\/\/www.radiosanctispiritus.cu\/es\/wp-json\/wp\/v2\/media\/3090"}],"wp:attachment":[{"href":"https:\/\/www.radiosanctispiritus.cu\/es\/wp-json\/wp\/v2\/media?parent=3089"}],"wp:term":[{"taxonomy":"category","embeddable":true,"href":"https:\/\/www.radiosanctispiritus.cu\/es\/wp-json\/wp\/v2\/categories?post=3089"},{"taxonomy":"post_tag","embeddable":true,"href":"https:\/\/www.radiosanctispiritus.cu\/es\/wp-json\/wp\/v2\/tags?post=3089"},{"taxonomy":"author","embeddable":true,"href":"https:\/\/www.radiosanctispiritus.cu\/es\/wp-json\/wp\/v2\/coauthors?post=3089"}],"curies":[{"name":"wp","href":"https:\/\/api.w.org\/{rel}","templated":true}]}}