{"id":30478,"date":"2024-07-20T18:26:40","date_gmt":"2024-07-20T22:26:40","guid":{"rendered":"https:\/\/www.radiosanctispiritus.cu\/es\/?p=30478"},"modified":"2024-07-21T06:02:14","modified_gmt":"2024-07-21T10:02:14","slug":"turismo-de-naturaleza-y-palmares-consolidan-sus-productos-en-sancti-spiritus","status":"publish","type":"post","link":"https:\/\/www.radiosanctispiritus.cu\/es\/turismo-de-naturaleza-y-palmares-consolidan-sus-productos-en-sancti-spiritus\/","title":{"rendered":"Turismo de naturaleza y Palmares consolidan sus productos en Sancti Sp\u00edritus"},"content":{"rendered":"<p>Con sitios tan singulares y paradis\u00edacos como Topes de Collantes, Lomas de Banao o el Valle de los Ingenios, la pr\u00e1ctica del turismo de naturaleza se convierte en un fuerte atractivo en Sancti Sp\u00edritus, a la cual se suma una red extrahotelera que, en el contexto de las celebraciones centrales por el 26 de Julio, recibe un importante impulso.<\/p>\n<p>De norte a sur, quienes apuesten por el llamado ecoturismo pueden disfrutar de la finca Los \u00c1lamos o Rancho Querete, lugares del municipio de Yaguajay que NO s\u00f3lo sobresalen por sus valores naturales, la mejora continua de las instalaciones y la conservaci\u00f3n de sus elementos, sino tambi\u00e9n por el acercamiento a los modos de vida y costumbres campestres.<\/p>\n<p><img decoding=\"async\" class=\"size-medium wp-image-30481 aligncenter\" src=\"https:\/\/www.radiosanctispiritus.cu\/es\/wp-content\/uploads\/Manaca-Iznaga-600x338.jpg\" alt=\"\" width=\"600\" height=\"338\" srcset=\"https:\/\/www.radiosanctispiritus.cu\/es\/wp-content\/uploads\/Manaca-Iznaga-600x338.jpg 600w, https:\/\/www.radiosanctispiritus.cu\/es\/wp-content\/uploads\/Manaca-Iznaga-1024x577.jpg 1024w, https:\/\/www.radiosanctispiritus.cu\/es\/wp-content\/uploads\/Manaca-Iznaga-768x433.jpg 768w, https:\/\/www.radiosanctispiritus.cu\/es\/wp-content\/uploads\/Manaca-Iznaga-960x540.jpg 960w, https:\/\/www.radiosanctispiritus.cu\/es\/wp-content\/uploads\/Manaca-Iznaga-605x340.jpg 605w, https:\/\/www.radiosanctispiritus.cu\/es\/wp-content\/uploads\/Manaca-Iznaga-290x163.jpg 290w, https:\/\/www.radiosanctispiritus.cu\/es\/wp-content\/uploads\/Manaca-Iznaga-460x259.jpg 460w, https:\/\/www.radiosanctispiritus.cu\/es\/wp-content\/uploads\/Manaca-Iznaga.jpg 1140w\" sizes=\"(max-width: 600px) 100vw, 600px\" \/><\/p>\n<p>En el caso del Valle de los Ingenios, paisaje declarado Patrimonio Cultural de la Humanidad junto al centro hist\u00f3rico de Trinidad, se convierte en un lugar de obligada visita con sus ruinas arqueol\u00f3gicas y casas haciendas que reflejan la opulencia de una \u00e9poca marcada por el auge de la producci\u00f3n azucarera.<\/p>\n<p>Una de las acciones de mayor envergadura desarrollada en los \u00faltimos a\u00f1os por la Empresa Flora y Fauna Sancti Sp\u00edritus, entre las entidades con m\u00e1s opciones para la pr\u00e1ctica de este turismo en el territorio, es la restauraci\u00f3n de la hacienda El Abanico, \u00fanico exponente de una casa quinta en el valle y convertida en un producto ecuestre que, junto a las opciones culinarias y gastron\u00f3micas, facilita el disfrute de vajillas, muebles, puertas y ventanas t\u00edpicas.<\/p>\n<p>Pero, sin dudas, entre los espacios m\u00e1s acogedores figura el Paisaje Natural Protegido Topes de Collantes, una suerte de para\u00edso localizado a unos 800 metros sobre el nivel del mar, en pleno macizo Guamuhaya, y en el que se integran otros parques como Guanayara o El Cubano con las impresionantes elevaciones, el alto endemismo, los sistemas cavernarios y los r\u00edos y saltos de agua como El Caburn\u00ed.<\/p>\n<p><img decoding=\"async\" class=\"size-medium wp-image-30483 aligncenter\" src=\"https:\/\/www.radiosanctispiritus.cu\/es\/wp-content\/uploads\/Salto-del-Caburni-600x338.jpg\" alt=\"\" width=\"600\" height=\"338\" srcset=\"https:\/\/www.radiosanctispiritus.cu\/es\/wp-content\/uploads\/Salto-del-Caburni-600x338.jpg 600w, https:\/\/www.radiosanctispiritus.cu\/es\/wp-content\/uploads\/Salto-del-Caburni-768x433.jpg 768w, https:\/\/www.radiosanctispiritus.cu\/es\/wp-content\/uploads\/Salto-del-Caburni-960x540.jpg 960w, https:\/\/www.radiosanctispiritus.cu\/es\/wp-content\/uploads\/Salto-del-Caburni-605x340.jpg 605w, https:\/\/www.radiosanctispiritus.cu\/es\/wp-content\/uploads\/Salto-del-Caburni-290x163.jpg 290w, https:\/\/www.radiosanctispiritus.cu\/es\/wp-content\/uploads\/Salto-del-Caburni-460x259.jpg 460w, https:\/\/www.radiosanctispiritus.cu\/es\/wp-content\/uploads\/Salto-del-Caburni.jpg 1024w\" sizes=\"(max-width: 600px) 100vw, 600px\" \/><\/p>\n<p>De acuerdo con especialistas del Ministerio del Turismo en Sancti Sp\u00edritus, entre las prioridades del sector est\u00e1 la consolidaci\u00f3n de los dis\u00edmiles productos de naturaleza que existen en la actualidad y la incorporaci\u00f3n de otros escenarios con much\u00edsima riqueza por mostrar y posibilidades de convertirse en destinos.<\/p>\n<p>Mientras, a ra\u00edz de la designaci\u00f3n de esta regi\u00f3n como sede del acto central conmemorativo por el aniversario 71 del asalto a los cuarteles Moncada y Carlos Manuel de C\u00e9spedes, m\u00faltiples son las acciones que asume la sucursal Palmares Sancti Sp\u00edritus, sobre todo, en la capital espirituana, las cuales incluyen la recuperaci\u00f3n y reconversi\u00f3n de productos y la incorporaci\u00f3n de otros.<\/p>\n<p>Vidal L\u00f3pez Ceballos, director de la entidad, detall\u00f3 que los festejos por los 510 a\u00f1os de la ciudad museo del Caribe y de esta urbe, este propio a\u00f1o, permitieron trabajar en muchos de estos espacios; sin embargo, desde hace varios d\u00edas, en la Taberna Yayabo, el otrora bar Liana, el conocido Italiano o el Mes\u00f3n de la Plaza se vive un ajetreo singular.<\/p>\n<p><img decoding=\"async\" class=\"size-full wp-image-30484 aligncenter\" src=\"https:\/\/www.radiosanctispiritus.cu\/es\/wp-content\/uploads\/taberna-yayabo-01.jpg\" alt=\"\" width=\"573\" height=\"405\" \/><\/p>\n<p>Quienes transitan hoy por el parque Seraf\u00edn S\u00e1nchez Valdivia o la zona m\u00e1s antigua de esta localidad, son testigos de las labores que se extienden hasta altas horas de la noche y que, en el caso del antiguo Liana, uno de los objetos de obra m\u00e1s complejos por su ubicaci\u00f3n y grado de deterioro, incluyeron desde un primer momento la consolidaci\u00f3n estructural y la restauraci\u00f3n de la cubierta.<\/p>\n<p><img decoding=\"async\" class=\"size-medium wp-image-30485 aligncenter\" src=\"https:\/\/www.radiosanctispiritus.cu\/es\/wp-content\/uploads\/parque-serafin-sanchez-este-20-de-julio-de-2024-foto-delia-proenza-600x417.jpg\" alt=\"\" width=\"600\" height=\"417\" srcset=\"https:\/\/www.radiosanctispiritus.cu\/es\/wp-content\/uploads\/parque-serafin-sanchez-este-20-de-julio-de-2024-foto-delia-proenza-600x417.jpg 600w, https:\/\/www.radiosanctispiritus.cu\/es\/wp-content\/uploads\/parque-serafin-sanchez-este-20-de-julio-de-2024-foto-delia-proenza-768x533.jpg 768w, https:\/\/www.radiosanctispiritus.cu\/es\/wp-content\/uploads\/parque-serafin-sanchez-este-20-de-julio-de-2024-foto-delia-proenza.jpg 900w\" sizes=\"(max-width: 600px) 100vw, 600px\" \/><\/p>\n<p>Bajo la premisa de respetar los valores de cada inmueble, L\u00f3pez Ceballos acot\u00f3 que aqu\u00ed se labora, a su vez, en el mobiliario, la restauraci\u00f3n de los pisos y en las redes hidrosanitarias, todo lo cual posibilitar\u00e1 reabrirlo como un bar tem\u00e1tico; en tanto, al referirse al Italiano, asegur\u00f3 que se convertir\u00e1 en una franquicia del Caf\u00e9 Fortuna, con opciones diversas las 24 horas.<\/p>\n","protected":false},"excerpt":{"rendered":"<p>Con sitios tan singulares y paradis\u00edacos  la pr\u00e1ctica del turismo de naturaleza se convierte en un fuerte atractivo en Sancti Sp\u00edritus, <\/p>\n","protected":false},"author":123,"featured_media":30479,"comment_status":"open","ping_status":"open","sticky":false,"template":"","format":"standard","meta":{"_acf_changed":false,"footnotes":""},"categories":[8,1,1170],"tags":[1255,1224,486],"coauthors":[],"class_list":["post-30478","post","type-post","status-publish","format-standard","has-post-thumbnail","hentry","category-noticia","category-sancti-spiritus","category-turismo","tag-palmares","tag-sancti-spiritus-en-26","tag-turismo-de-naturaleza"],"acf":[],"_links":{"self":[{"href":"https:\/\/www.radiosanctispiritus.cu\/es\/wp-json\/wp\/v2\/posts\/30478","targetHints":{"allow":["GET"]}}],"collection":[{"href":"https:\/\/www.radiosanctispiritus.cu\/es\/wp-json\/wp\/v2\/posts"}],"about":[{"href":"https:\/\/www.radiosanctispiritus.cu\/es\/wp-json\/wp\/v2\/types\/post"}],"author":[{"embeddable":true,"href":"https:\/\/www.radiosanctispiritus.cu\/es\/wp-json\/wp\/v2\/users\/123"}],"replies":[{"embeddable":true,"href":"https:\/\/www.radiosanctispiritus.cu\/es\/wp-json\/wp\/v2\/comments?post=30478"}],"version-history":[{"count":0,"href":"https:\/\/www.radiosanctispiritus.cu\/es\/wp-json\/wp\/v2\/posts\/30478\/revisions"}],"wp:featuredmedia":[{"embeddable":true,"href":"https:\/\/www.radiosanctispiritus.cu\/es\/wp-json\/wp\/v2\/media\/30479"}],"wp:attachment":[{"href":"https:\/\/www.radiosanctispiritus.cu\/es\/wp-json\/wp\/v2\/media?parent=30478"}],"wp:term":[{"taxonomy":"category","embeddable":true,"href":"https:\/\/www.radiosanctispiritus.cu\/es\/wp-json\/wp\/v2\/categories?post=30478"},{"taxonomy":"post_tag","embeddable":true,"href":"https:\/\/www.radiosanctispiritus.cu\/es\/wp-json\/wp\/v2\/tags?post=30478"},{"taxonomy":"author","embeddable":true,"href":"https:\/\/www.radiosanctispiritus.cu\/es\/wp-json\/wp\/v2\/coauthors?post=30478"}],"curies":[{"name":"wp","href":"https:\/\/api.w.org\/{rel}","templated":true}]}}