{"id":30328,"date":"2024-07-18T15:52:19","date_gmt":"2024-07-18T19:52:19","guid":{"rendered":"https:\/\/www.radiosanctispiritus.cu\/es\/?p=30328"},"modified":"2024-07-18T22:09:50","modified_gmt":"2024-07-19T02:09:50","slug":"expertos-trabajan-en-variedades-de-arroz-de-ciclo-corto","status":"publish","type":"post","link":"https:\/\/www.radiosanctispiritus.cu\/es\/expertos-trabajan-en-variedades-de-arroz-de-ciclo-corto\/","title":{"rendered":"Expertos trabajan en variedades de arroz de ciclo corto"},"content":{"rendered":"<p>Investigadores de la Unidad Cient\u00edfico T\u00e9cnica de Base Estaci\u00f3n Territorial de Investigaciones de Granos Sur del J\u00edbaro, de esta localidad de la provincia de Sancti Sp\u00edritus, consolidan hoy estudios vinculados a la obtenci\u00f3n de variedades de arroz que requieren menor tiempo para su cultivo.<\/p>\n<p>En este caso se trata de l\u00edneas del cereal de ciclo corto que desde su germinaci\u00f3n y cosecha necesiten menos de 130 d\u00edas y, en otros casos, de 100 jornadas, ambas cultivadas en \u00e9poca de fr\u00edo.<\/p>\n<p>Ren\u00e9 Luis P\u00e9rez Polanco, Investigador Auxiliar del centro ubicado en el sur del territorio espirituano, precis\u00f3 a la Agencia Cubana de Noticias que los estudios buscan una soluci\u00f3n efectiva a la situaci\u00f3n actual de Cuba con el autoabastecimiento arrocero y los bajos vol\u00famenes disponibles del grano.<\/p>\n<p>Al acortarse el tiempo de cosecha, dijo, estas variedades precisan, a su vez, menos agua, fertilizantes, combustibles; en tanto, disminuye el uso de fuerza laboral.<\/p>\n<p>El especialista argument\u00f3 que entre las variedades de ciclo corto logradas por la instituci\u00f3n se encuentra la IACUBA 31, con buen rendimiento agr\u00edcola, resistente a plagas y enfermedades y un grano de alta calidad.<\/p>\n<p>Sobre estas variedades insisti\u00f3 que hay algunas m\u00e1s avanzadas que est\u00e1n sometidas a estudios regionales de rendimiento en todas las estaciones de investigaci\u00f3n del pa\u00eds, lo cual posibilita an\u00e1lisis m\u00e1s integrales.<\/p>\n<p>P\u00e9rez Polanco refiri\u00f3 que en el caso de otras l\u00edneas, lo primero fue buscar la precocidad y despu\u00e9s, sobre la base del mejoramiento gen\u00e9tico, incorporarle caracter\u00edsticas como rendimiento y resistencia, para que sean efectivas.<\/p>\n<p>A las ventajas impl\u00edcitas en las de ciclo corto, las llamadas precoces son l\u00edneas que contribuyen tambi\u00e9n a combatir el arroz rojo, uno de los principales problemas que enfrentan las arroceras cubanas en la actualidad.<\/p>\n<p>De acuerdo con los estudiosos, hay algunos resultados probados que revelan un rendimiento ligeramente inferior, pero son muy productivas por la relaci\u00f3n rendimiento-ciclo, que posibilita extender el calendario de siembra hasta finales de agosto y principios de septiembre y se cosecha antes de que inicie la incidencia del fr\u00edo.<\/p>\n<p>Y una de sus ventajas, signific\u00f3 Ren\u00e9 Luis P\u00e9rez Polanco, es que estas l\u00edneas permiten realizar al a\u00f1o tres plantaciones sobre el mismo suelo, muy favorable para contribuir con la producci\u00f3n.<\/p>\n<p>Pronto podremos contar con una l\u00ednea seleccionada como variedad, lo que constituir\u00e1 otro de los logros de este proyecto, iniciado hace unos tres a\u00f1os y vital para dinamizar el panorama del cultivo del arroz en el pa\u00eds, manifest\u00f3.<\/p>\n","protected":false},"excerpt":{"rendered":"<p>Investigadores de la Unidad Cient\u00edfico T\u00e9cnica de Base Estaci\u00f3n Territorial de Investigaciones de Granos Sur del J\u00edbaro, de esta localidad de la provincia de Sancti Sp\u00edritus, consolidan hoy estudios vinculados a la obtenci\u00f3n de variedades de arroz que requieren menor tiempo para su cultivo.<\/p>\n","protected":false},"author":123,"featured_media":30329,"comment_status":"open","ping_status":"open","sticky":false,"template":"","format":"standard","meta":{"_acf_changed":false,"footnotes":""},"categories":[8,1],"tags":[],"coauthors":[],"class_list":["post-30328","post","type-post","status-publish","format-standard","has-post-thumbnail","hentry","category-noticia","category-sancti-spiritus"],"acf":[],"_links":{"self":[{"href":"https:\/\/www.radiosanctispiritus.cu\/es\/wp-json\/wp\/v2\/posts\/30328","targetHints":{"allow":["GET"]}}],"collection":[{"href":"https:\/\/www.radiosanctispiritus.cu\/es\/wp-json\/wp\/v2\/posts"}],"about":[{"href":"https:\/\/www.radiosanctispiritus.cu\/es\/wp-json\/wp\/v2\/types\/post"}],"author":[{"embeddable":true,"href":"https:\/\/www.radiosanctispiritus.cu\/es\/wp-json\/wp\/v2\/users\/123"}],"replies":[{"embeddable":true,"href":"https:\/\/www.radiosanctispiritus.cu\/es\/wp-json\/wp\/v2\/comments?post=30328"}],"version-history":[{"count":0,"href":"https:\/\/www.radiosanctispiritus.cu\/es\/wp-json\/wp\/v2\/posts\/30328\/revisions"}],"wp:featuredmedia":[{"embeddable":true,"href":"https:\/\/www.radiosanctispiritus.cu\/es\/wp-json\/wp\/v2\/media\/30329"}],"wp:attachment":[{"href":"https:\/\/www.radiosanctispiritus.cu\/es\/wp-json\/wp\/v2\/media?parent=30328"}],"wp:term":[{"taxonomy":"category","embeddable":true,"href":"https:\/\/www.radiosanctispiritus.cu\/es\/wp-json\/wp\/v2\/categories?post=30328"},{"taxonomy":"post_tag","embeddable":true,"href":"https:\/\/www.radiosanctispiritus.cu\/es\/wp-json\/wp\/v2\/tags?post=30328"},{"taxonomy":"author","embeddable":true,"href":"https:\/\/www.radiosanctispiritus.cu\/es\/wp-json\/wp\/v2\/coauthors?post=30328"}],"curies":[{"name":"wp","href":"https:\/\/api.w.org\/{rel}","templated":true}]}}