{"id":30141,"date":"2024-07-15T22:51:57","date_gmt":"2024-07-16T02:51:57","guid":{"rendered":"https:\/\/www.radiosanctispiritus.cu\/es\/?p=30141"},"modified":"2024-07-15T23:59:29","modified_gmt":"2024-07-16T03:59:29","slug":"pelotero-de-los-gallos-en-equipo-todos-estrellas-defensivo-de-serie-nacional-de-beisbol","status":"publish","type":"post","link":"https:\/\/www.radiosanctispiritus.cu\/es\/pelotero-de-los-gallos-en-equipo-todos-estrellas-defensivo-de-serie-nacional-de-beisbol\/","title":{"rendered":"Pelotero de los Gallos en Todos Estrellas de la Serie Nacional"},"content":{"rendered":"<p>El pelotero de los Gallos, Alexis Miguel Varona N\u00fa\u00f1ez integr\u00f3 el Equipo Todos Estrellas defensivo de la 63 Serie Nacional de B\u00e9isbol, informaci\u00f3n ofrecida en el Sal\u00f3n de Reuniones Adolfo Luque, del estadio Latinoamericano, como parte de la reuni\u00f3n que realiza la Comisi\u00f3n Nacional de B\u00e9isbol cada lunes con la prensa acreditada.<\/p>\n<p>Varona N\u00fa\u00f1ez, oriundo de La Habana, lleva dos campa\u00f1as beisboleras defendiendo las franelas de los Gallos del Yayabo y en esta campa\u00f1a beisbolera defendi\u00f3 la segunda almohadilla, posici\u00f3n en la que fue nominado dentro del Todos Estrellas.<\/p>\n<p>Los Gallos terminaron en el octavo puesto tras ceder en el play offs frente a los Vegueros de Pinar del R\u00edo, cuatro a dos, en un certamen donde el defensor de la segunda almohadilla yayabera Alexis Miguel Varona cometi\u00f3 s\u00f3lo 5 errores en 303 lances para average de 983, adem\u00e1s de intervenir en 47 jugadas de doble play.<\/p>\n<p>En el calendario regular clasificatorio, que cont\u00f3 con 75 partidos, Varona tuvo acci\u00f3n en 59 partidos, en los que intervino como defensor al campo en 450 entradas, y dos tercios.<\/p>\n<p>Bate en mano hizo cantar la pelota Team Mate, al promediar para 346, con 75 imparables, en los que se incluyeron 22 biangulares y 10 cuadrangulares, adem\u00e1s de impulsar 51 carreras.<\/p>\n<p>Dentro del equipo Todos Estrellas defensivo de la 63 Serie Nacional de B\u00e9isbol, adem\u00e1s del espirituano Alexis Miguel Varona,\u00a0 fueron elegidos tambi\u00e9n, como receptor L\u00e1zaro Ponce (Mayabeque), en la primera base, el artemise\u00f1o Jos\u00e9 A. Jim\u00e9nez, en el siol, el camag\u00fceyano Emilio Torres, en la antesala el santiaguero Euclides P\u00e9rez.<\/p>\n<p>Por su parte, los jardineros todos estrellas defensivos fueron, el avile\u00f1o Alexander Jim\u00e9nez que custodi\u00f3 el leftfied, en la pradera derecha se destac\u00f3 el artemise\u00f1o Carlos de la Tejera, mientras en el jard\u00edn central sobresal\u00eda Yoas\u00e1n Guill\u00e9n de Artemisa, y cerr\u00f3 la nominaci\u00f3n el pitcher industrialista Andy Vargas.<\/p>\n<p>En el Equipo Todos Estrellas Ofensivos de la actual campa\u00f1a beisbolera cubana fueron nominados, como mejor recepto, el tunero Yosvani Alarc\u00f3n, en la primera almohadilla, el se\u00f1or play offs, el pinare\u00f1o William Saavedra; en segunda base, el mayabequenseJeison Mart\u00ednez, mientras cerraba la llave del cuadro en tercera base, el granmense Osvaldo Abreu.<\/p>\n<p>Como mejores peloteros ofensivos fueron incluidos en el Todos Estrellas, en los jardines, YoelkisGuibert (SC), el matancero Jos\u00e9 A. Noro\u00f1a, y el guantanamero Over Luis Cremet, como utility de cuadro fue nominado el tunero Yudier Rond\u00f3n, y cierra el listado como mejor bateador designado de la 63 temporada beisbolera cubana, el granmense Alfredo Despaigne.<\/p>\n<p>En el Equipo Integral del Todos Estrellas sobresalieron las elecciones de Oscar Vald\u00e9s, detr\u00e1s del home plate, en el primer coj\u00edn, el exbigleaguerAlexei Ram\u00edrez, Jeison Mart\u00ednez sobresali\u00f3 en la defensa del segundo coj\u00edn, el siol, el tunero Roberto Baldoqu\u00edn, y cerraba la llave del cuadro, el tercera base, Osvaldo Abreu.<\/p>\n<p>En las praderas del seleccionado m\u00e1s integral de la 63 Serie Nacional se destacaron los nombramientos del leftfieldmayabequense, Denis Laza, en la pradera central, el santiaguero YoelkisGuibert, mientras en el rigtfield se destacaba el matancero Jos\u00e9 A. Noro\u00f1a.<\/p>\n","protected":false},"excerpt":{"rendered":"<p>El pelotero de los Gallos, Alexis Miguel Varona N\u00fa\u00f1ez integr\u00f3 el Equipo Todos Estrellas defensivo de la 63 Serie Nacional de B\u00e9isbol, informaci\u00f3n ofrecida en el Sal\u00f3n de Reuniones Adolfo Luque, del estadio Latinoamericano.<\/p>\n","protected":false},"author":11,"featured_media":30142,"comment_status":"open","ping_status":"open","sticky":false,"template":"","format":"standard","meta":{"_acf_changed":false,"footnotes":""},"categories":[7,8],"tags":[735,679],"coauthors":[],"class_list":["post-30141","post","type-post","status-publish","format-standard","has-post-thumbnail","hentry","category-deporte","category-noticia","tag-gallos","tag-serie-nacional-beisbol"],"acf":[],"_links":{"self":[{"href":"https:\/\/www.radiosanctispiritus.cu\/es\/wp-json\/wp\/v2\/posts\/30141","targetHints":{"allow":["GET"]}}],"collection":[{"href":"https:\/\/www.radiosanctispiritus.cu\/es\/wp-json\/wp\/v2\/posts"}],"about":[{"href":"https:\/\/www.radiosanctispiritus.cu\/es\/wp-json\/wp\/v2\/types\/post"}],"author":[{"embeddable":true,"href":"https:\/\/www.radiosanctispiritus.cu\/es\/wp-json\/wp\/v2\/users\/11"}],"replies":[{"embeddable":true,"href":"https:\/\/www.radiosanctispiritus.cu\/es\/wp-json\/wp\/v2\/comments?post=30141"}],"version-history":[{"count":0,"href":"https:\/\/www.radiosanctispiritus.cu\/es\/wp-json\/wp\/v2\/posts\/30141\/revisions"}],"wp:featuredmedia":[{"embeddable":true,"href":"https:\/\/www.radiosanctispiritus.cu\/es\/wp-json\/wp\/v2\/media\/30142"}],"wp:attachment":[{"href":"https:\/\/www.radiosanctispiritus.cu\/es\/wp-json\/wp\/v2\/media?parent=30141"}],"wp:term":[{"taxonomy":"category","embeddable":true,"href":"https:\/\/www.radiosanctispiritus.cu\/es\/wp-json\/wp\/v2\/categories?post=30141"},{"taxonomy":"post_tag","embeddable":true,"href":"https:\/\/www.radiosanctispiritus.cu\/es\/wp-json\/wp\/v2\/tags?post=30141"},{"taxonomy":"author","embeddable":true,"href":"https:\/\/www.radiosanctispiritus.cu\/es\/wp-json\/wp\/v2\/coauthors?post=30141"}],"curies":[{"name":"wp","href":"https:\/\/api.w.org\/{rel}","templated":true}]}}