{"id":29934,"date":"2024-07-11T20:14:56","date_gmt":"2024-07-12T00:14:56","guid":{"rendered":"https:\/\/www.radiosanctispiritus.cu\/es\/?p=29934"},"modified":"2024-07-11T21:51:36","modified_gmt":"2024-07-12T01:51:36","slug":"exhortan-a-sumar-los-nuevos-actores-economicos-a-la-vida-organica-de-la-provincia","status":"publish","type":"post","link":"https:\/\/www.radiosanctispiritus.cu\/es\/exhortan-a-sumar-los-nuevos-actores-economicos-a-la-vida-organica-de-la-provincia\/","title":{"rendered":"Exhortan a sumar los nuevos actores econ\u00f3micos a la vida org\u00e1nica de la provincia"},"content":{"rendered":"<div id=\"scroll-transcription\" class=\"tiny-scrollbar\" data-collapsed=\"100\" data-uncollapsed=\"200\">\n<div class=\"viewport viewport-md\">\n<div class=\"overview overviewTranscription\">\n<p id=\"text-transcription\">A sumar y no dividir llam\u00f3 la primera secretaria del Partido Comunista de Cuba en Sancti Sp\u00edritus, Deivy P\u00e9rez Mart\u00edn, durante la reuni\u00f3n del Bur\u00f3 Provincial de esa organizaci\u00f3n pol\u00edtica que analiz\u00f3 aspectos de la econom\u00eda del territorio, y en especial el desempe\u00f1o de los nuevos actores econ\u00f3micos.<\/p>\n<audio class=\"wp-audio-shortcode\" id=\"audio-29934-1\" preload=\"none\" style=\"width: 100%;\" controls=\"controls\"><source type=\"audio\/mpeg\" src=\"https:\/\/www.ivoox.com\/felix-al-dia-11-7-24_md_131542430_wp_1.mp3?_=1\" \/><a href=\"https:\/\/www.ivoox.com\/felix-al-dia-11-7-24_md_131542430_wp_1.mp3\" target=\"_blank\" rel=\"noopener\">https:\/\/www.ivoox.com\/felix-al-dia-11-7-24_md_131542430_wp_1.mp3<\/a><\/audio>\n<p>La principal misi\u00f3n que tenemos nosotros en el aseguramiento pol\u00edtico a este sector no estatal es su articulaci\u00f3n con el sector estatal y que sean un componente, un refuerzo integral para que la econom\u00eda pueda avanzar y pueda subsistir, consider\u00f3 P\u00e9rez Mart\u00edn.<\/p>\n<p>M\u00e1s de 20 mil trabajadores por cuenta propia, y 380 peque\u00f1as y medianas empresas, entre otros, constituyen un ecosistema econ\u00f3mico diverso que genera hasta la fecha la mitad de la recaudaci\u00f3n de impuestos de la provincia.<\/p>\n<p>&nbsp;<\/p>\n<\/div>\n<\/div>\n<\/div>\n<div class=\"text-right toggle toggleTranscription m-top-10\"><\/div>\n","protected":false},"excerpt":{"rendered":"<p>A sumar y no dividir llam\u00f3 la primera secretaria del Partido Comunista de Cuba en Sancti Sp\u00edritus, Deivy P\u00e9rez Mart\u00edn, durante la reuni\u00f3n del Bur\u00f3 Provincial de esa organizaci\u00f3n pol\u00edtica que analiz\u00f3 aspectos de la econom\u00eda del territorio, y en especial el desempe\u00f1o de los nuevos actores econ\u00f3micos.<\/p>\n","protected":false},"author":7,"featured_media":29935,"comment_status":"open","ping_status":"open","sticky":false,"template":"","format":"standard","meta":{"_acf_changed":false,"footnotes":""},"categories":[16,9,8,1],"tags":[1246,44,71,74,873],"coauthors":[],"class_list":["post-29934","post","type-post","status-publish","format-standard","has-post-thumbnail","hentry","category-economia","category-en-audio","category-noticia","category-sancti-spiritus","tag-actores-economicos","tag-deivy-perez-martin","tag-economia","tag-partido-comunista-de-cuba","tag-sector-no-estatal"],"acf":[],"_links":{"self":[{"href":"https:\/\/www.radiosanctispiritus.cu\/es\/wp-json\/wp\/v2\/posts\/29934","targetHints":{"allow":["GET"]}}],"collection":[{"href":"https:\/\/www.radiosanctispiritus.cu\/es\/wp-json\/wp\/v2\/posts"}],"about":[{"href":"https:\/\/www.radiosanctispiritus.cu\/es\/wp-json\/wp\/v2\/types\/post"}],"author":[{"embeddable":true,"href":"https:\/\/www.radiosanctispiritus.cu\/es\/wp-json\/wp\/v2\/users\/7"}],"replies":[{"embeddable":true,"href":"https:\/\/www.radiosanctispiritus.cu\/es\/wp-json\/wp\/v2\/comments?post=29934"}],"version-history":[{"count":0,"href":"https:\/\/www.radiosanctispiritus.cu\/es\/wp-json\/wp\/v2\/posts\/29934\/revisions"}],"wp:featuredmedia":[{"embeddable":true,"href":"https:\/\/www.radiosanctispiritus.cu\/es\/wp-json\/wp\/v2\/media\/29935"}],"wp:attachment":[{"href":"https:\/\/www.radiosanctispiritus.cu\/es\/wp-json\/wp\/v2\/media?parent=29934"}],"wp:term":[{"taxonomy":"category","embeddable":true,"href":"https:\/\/www.radiosanctispiritus.cu\/es\/wp-json\/wp\/v2\/categories?post=29934"},{"taxonomy":"post_tag","embeddable":true,"href":"https:\/\/www.radiosanctispiritus.cu\/es\/wp-json\/wp\/v2\/tags?post=29934"},{"taxonomy":"author","embeddable":true,"href":"https:\/\/www.radiosanctispiritus.cu\/es\/wp-json\/wp\/v2\/coauthors?post=29934"}],"curies":[{"name":"wp","href":"https:\/\/api.w.org\/{rel}","templated":true}]}}