{"id":29897,"date":"2024-07-11T04:47:27","date_gmt":"2024-07-11T08:47:27","guid":{"rendered":"https:\/\/www.radiosanctispiritus.cu\/es\/?p=29897"},"modified":"2024-07-11T06:51:32","modified_gmt":"2024-07-11T10:51:32","slug":"reparan-puente-ferroviario-en-sancti-spiritus","status":"publish","type":"post","link":"https:\/\/www.radiosanctispiritus.cu\/es\/reparan-puente-ferroviario-en-sancti-spiritus\/","title":{"rendered":"Reparan puente ferroviario en Sancti Sp\u00edritus"},"content":{"rendered":"<p>Luego de acumular un alto grado de deterioro en sus estructuras, que oblig\u00f3 a cerrar el paso la reparaci\u00f3n del puente La Nela representa en estos momentos la principal obra que acomete el Ferrocarril en la provincia y su recuperaci\u00f3n permitir\u00e1 reanudar el acceso por v\u00eda f\u00e9rrea a la ciudad de Sancti Sp\u00edritus, tras quedar interrumpido el paso hace cerca de dos meses.<\/p>\n<p>La edificaci\u00f3n del puente La Nela sobre el r\u00edo Yayabo data de 1910, es un viaducto de hierro en su estructura, con los apoyos principales de hormig\u00f3n y la l\u00ednea montada sobre traviesas de madera. Clasifica entre los m\u00e1s grandes de la provincia fuera de Trinidad, con unos 120 metros de largo, en el segmente sobre el r\u00edo alcanza una altura de alrededor de 60 metros, mientras es menor en la secci\u00f3n que se extiende sobre tierra por la zona de El Tenis, en la ciudad de Sancti Sp\u00edritus.<\/p>\n<p>Delvis Matos Matos, especialista principal de Administraci\u00f3n del Transporte Ferroviario (ATF) en la provincia, precis\u00f3 que la parte met\u00e1lica y los apoyos principales de la viga ten\u00edan mucha oxidaci\u00f3n. \u00abPor ese deterioro, unido al nivel de traviesas en mal estado, se decidi\u00f3 a partir de una inspecci\u00f3n hace dos meses cerrar el paso, de ah\u00ed la importancia de la actual reparaci\u00f3n con vistas a restablecer el puente y que recupere la seguridad para la circulaci\u00f3n de trenes de carga y pasaje\u00bb, se\u00f1al\u00f3 el especialista de ATF.<\/p>\n<p>Precis\u00f3 que la envergadura de la reparaci\u00f3n \u2014la mayor en los \u00faltimos tiempos\u2014 radica en el cambio de casi 60 traviesas de madera, equivale a reponer alrededor del 40 por ciento de estos elementos, y la reparaci\u00f3n y el mantenimiento de todos los componentes del puente.<\/p>\n<p>Los trabajos de pailer\u00eda son ejecutados por obreros de la Empresa de Servicios T\u00e9cnicos Industriales (Zeti), del grupo Azcuba, mientras las brigadas V\u00edas y Puentes de Remate, Jarahueca y Perea, est\u00e1n a cargo de los trabajos en la l\u00ednea.<\/p>\n<p>Al decir de Delvis Matos, esperan restablecer pr\u00f3ximamente el paso de los trenes. \u00abEstamos dando seguimiento diario a los trabajos para asegurar que queden con la calidad requerida y garantizar la seguridad de la v\u00eda\u00bb.<\/p>\n<p>El puente La Nela no solo permite la conexi\u00f3n con la estaci\u00f3n de ferrocarriles de Sancti Sp\u00edritus, tambi\u00e9n da acceso al Centro de Carga para la llegada por esta v\u00eda de alimentos y productos al territorio; arribo que est\u00e1 detenido en la actualidad hasta tanto se restablezca el paso.<\/p>\n","protected":false},"excerpt":{"rendered":"<p>La edificaci\u00f3n del puente La Nela sobre el r\u00edo Yayabo data de 1910, es un viaducto de hierro en su estructura, con los apoyos principales de hormig\u00f3n y la l\u00ednea montada sobre traviesas de madera<\/p>\n","protected":false},"author":171,"featured_media":29898,"comment_status":"open","ping_status":"open","sticky":false,"template":"","format":"standard","meta":{"_acf_changed":false,"footnotes":""},"categories":[1],"tags":[1224],"coauthors":[],"class_list":["post-29897","post","type-post","status-publish","format-standard","has-post-thumbnail","hentry","category-sancti-spiritus","tag-sancti-spiritus-en-26"],"acf":[],"_links":{"self":[{"href":"https:\/\/www.radiosanctispiritus.cu\/es\/wp-json\/wp\/v2\/posts\/29897","targetHints":{"allow":["GET"]}}],"collection":[{"href":"https:\/\/www.radiosanctispiritus.cu\/es\/wp-json\/wp\/v2\/posts"}],"about":[{"href":"https:\/\/www.radiosanctispiritus.cu\/es\/wp-json\/wp\/v2\/types\/post"}],"author":[{"embeddable":true,"href":"https:\/\/www.radiosanctispiritus.cu\/es\/wp-json\/wp\/v2\/users\/171"}],"replies":[{"embeddable":true,"href":"https:\/\/www.radiosanctispiritus.cu\/es\/wp-json\/wp\/v2\/comments?post=29897"}],"version-history":[{"count":0,"href":"https:\/\/www.radiosanctispiritus.cu\/es\/wp-json\/wp\/v2\/posts\/29897\/revisions"}],"wp:featuredmedia":[{"embeddable":true,"href":"https:\/\/www.radiosanctispiritus.cu\/es\/wp-json\/wp\/v2\/media\/29898"}],"wp:attachment":[{"href":"https:\/\/www.radiosanctispiritus.cu\/es\/wp-json\/wp\/v2\/media?parent=29897"}],"wp:term":[{"taxonomy":"category","embeddable":true,"href":"https:\/\/www.radiosanctispiritus.cu\/es\/wp-json\/wp\/v2\/categories?post=29897"},{"taxonomy":"post_tag","embeddable":true,"href":"https:\/\/www.radiosanctispiritus.cu\/es\/wp-json\/wp\/v2\/tags?post=29897"},{"taxonomy":"author","embeddable":true,"href":"https:\/\/www.radiosanctispiritus.cu\/es\/wp-json\/wp\/v2\/coauthors?post=29897"}],"curies":[{"name":"wp","href":"https:\/\/api.w.org\/{rel}","templated":true}]}}