{"id":29809,"date":"2024-07-10T01:54:55","date_gmt":"2024-07-10T05:54:55","guid":{"rendered":"https:\/\/www.radiosanctispiritus.cu\/es\/?p=29809"},"modified":"2024-07-09T21:25:09","modified_gmt":"2024-07-10T01:25:09","slug":"sin-lugar-recurso-de-apelacion-de-imputado-en-delito-de-asesinato","status":"publish","type":"post","link":"https:\/\/www.radiosanctispiritus.cu\/es\/sin-lugar-recurso-de-apelacion-de-imputado-en-delito-de-asesinato\/","title":{"rendered":"Privaci\u00f3n perpetua de libertad para asesino de enfermera en Taguasco"},"content":{"rendered":"<p>Era el amanecer del martes 28 de febrero de 2023, cuando Liv\u00e1n Reinaldo Mora P\u00e9rez, alias El lento, se encamin\u00f3 hasta la vivienda de la enfermera Vanelys Macola Sierra, ubicada en la localidad de Tuinuc\u00fa del municipio espirituano de Taguasco, con quien hab\u00eda mantenido una relaci\u00f3n sentimental durante alg\u00fan tiempo.<\/p>\n<audio class=\"wp-audio-shortcode\" id=\"audio-29809-1\" preload=\"none\" style=\"width: 100%;\" controls=\"controls\"><source type=\"audio\/mpeg\" src=\"https:\/\/www.ivoox.com\/yosdany-morejon-al-dia-9-7-24_md_131449781_wp_1.mp3?_=1\" \/><a href=\"https:\/\/www.ivoox.com\/yosdany-morejon-al-dia-9-7-24_md_131449781_wp_1.mp3\" target=\"_blank\" rel=\"noopener\">https:\/\/www.ivoox.com\/yosdany-morejon-al-dia-9-7-24_md_131449781_wp_1.mp3<\/a><\/audio>\n<p>De acuerdo con Yaneiky Cortijo Caballero, presidenta de la Sala Penal Primera del Tribunal Provincial Popular de Sancti Sp\u00edritus, la intenci\u00f3n de este ciudadano era acabar con la vida de la mujer, tal y como quedar\u00eda demostrado posteriormente en la causa 146\/2023.<\/p>\n<p>Seg\u00fan consta en el acta de necropsia, la victima trat\u00f3 de defenderse incluso en presencia de su hijo de once a\u00f1os, pero falleci\u00f3 en el lugar como consecuencia de m\u00faltiples heridas recibidas con un arma blanca, las cuales lesionaron varios \u00f3rganos internos.<\/p>\n<p>Una vez consumado el hecho, Liv\u00e1n, evadir\u00eda la acci\u00f3n de la justicia hasta que fue detenido el s\u00e1bado CUATRO de marzo de ese propio a\u00f1o durante un operativo realizado por fuerzas conjuntas del Ministerio del Interior.<\/p>\n<p><strong>LA JUSTICIA REVOLUCIONARIA<\/strong><\/p>\n<p>Tras la celebraci\u00f3n de un juicio oral y p\u00fablico, la Sala Penal Primera del Tribunal Provincial Popular de Sancti Sp\u00edritus sancion\u00f3 a privaci\u00f3n perpetua de libertad al ciudadano Liv\u00e1n Reinaldo Mora P\u00e9rez, como autor de un delito consumado de Asesinato.<\/p>\n<p>Seg\u00fan Yaneiky Cortijo Caballero, presidenta de la referida Sala Penal, el Tribunal dispuso que el sancionado abone una prestaci\u00f3n monetaria de 2500 pesos a favor del menor hu\u00e9rfano de madre, adem\u00e1s de las sanciones accesorias impuestas.<\/p>\n<p>Mediante la sentencia n\u00famero No. 5 del 2024, el Tribunal Supremo Popular acord\u00f3 declarar sin lugar el Recurso de Apelaci\u00f3n interpuesto por el acusado, la que se confirma en todas sus partes y se declara firme la sentencia.<\/p>\n<p>Liv\u00e1n Reinaldo Mora P\u00e9rez, a quien le obran m\u00faltiples antecedes penales por delitos anteriores de amenaza, lesiones, hurto, violaci\u00f3n, robo con fuerza y otros; cumple actualmente su sentencia en un establecimiento penitenciario del Ministerio del Interior.<\/p>\n","protected":false},"excerpt":{"rendered":"<p>Mediante la sentencia No 5 del 2024, el Tribunal Supremo Popular acord\u00f3 declarar sin lugar el recurso de apelaci\u00f3n interpuesto por el acusado de un delito consumado de asesinato que tuvo lugar en el poblado de Tuinuc\u00fa, en el municipio espirituano de Taguasco.<\/p>\n","protected":false},"author":29,"featured_media":6814,"comment_status":"open","ping_status":"open","sticky":false,"template":"","format":"standard","meta":{"_acf_changed":false,"footnotes":""},"categories":[9,8,1],"tags":[820,279,805,565],"coauthors":[],"class_list":["post-29809","post","type-post","status-publish","format-standard","has-post-thumbnail","hentry","category-en-audio","category-noticia","category-sancti-spiritus","tag-asesinato","tag-justicia","tag-tribunal-supremo","tag-tuinucu"],"acf":[],"_links":{"self":[{"href":"https:\/\/www.radiosanctispiritus.cu\/es\/wp-json\/wp\/v2\/posts\/29809","targetHints":{"allow":["GET"]}}],"collection":[{"href":"https:\/\/www.radiosanctispiritus.cu\/es\/wp-json\/wp\/v2\/posts"}],"about":[{"href":"https:\/\/www.radiosanctispiritus.cu\/es\/wp-json\/wp\/v2\/types\/post"}],"author":[{"embeddable":true,"href":"https:\/\/www.radiosanctispiritus.cu\/es\/wp-json\/wp\/v2\/users\/29"}],"replies":[{"embeddable":true,"href":"https:\/\/www.radiosanctispiritus.cu\/es\/wp-json\/wp\/v2\/comments?post=29809"}],"version-history":[{"count":0,"href":"https:\/\/www.radiosanctispiritus.cu\/es\/wp-json\/wp\/v2\/posts\/29809\/revisions"}],"wp:featuredmedia":[{"embeddable":true,"href":"https:\/\/www.radiosanctispiritus.cu\/es\/wp-json\/wp\/v2\/media\/6814"}],"wp:attachment":[{"href":"https:\/\/www.radiosanctispiritus.cu\/es\/wp-json\/wp\/v2\/media?parent=29809"}],"wp:term":[{"taxonomy":"category","embeddable":true,"href":"https:\/\/www.radiosanctispiritus.cu\/es\/wp-json\/wp\/v2\/categories?post=29809"},{"taxonomy":"post_tag","embeddable":true,"href":"https:\/\/www.radiosanctispiritus.cu\/es\/wp-json\/wp\/v2\/tags?post=29809"},{"taxonomy":"author","embeddable":true,"href":"https:\/\/www.radiosanctispiritus.cu\/es\/wp-json\/wp\/v2\/coauthors?post=29809"}],"curies":[{"name":"wp","href":"https:\/\/api.w.org\/{rel}","templated":true}]}}