{"id":29709,"date":"2024-07-29T03:29:18","date_gmt":"2024-07-29T07:29:18","guid":{"rendered":"https:\/\/www.radiosanctispiritus.cu\/es\/?p=29709"},"modified":"2024-07-07T07:29:48","modified_gmt":"2024-07-07T11:29:48","slug":"canciones-para-amar","status":"publish","type":"post","link":"https:\/\/www.radiosanctispiritus.cu\/es\/canciones-para-amar\/","title":{"rendered":"Canciones para amar"},"content":{"rendered":"<p>Hoy se conmemora \u00a0el \u00a0Aniversario 143 de Miguel Rafael Companioni y G\u00f3mez, \u00a0nacido el 29 de julio de 1881.<\/p>\n<p>La calidad y el n\u00famero de las creaciones de Companioni lo colocan por derecho propio en el altar de la trova cubana.<\/p>\n<p>M\u00e1s de 300 obras tienen el sello del espirituano, buena parte de estas con t\u00edtulo de mujer: \u201cHerminia\u201d, \u201cRosalba\u201d, \u201cEsther\u201d, \u201cSerafina\u201d y \u201cLil\u00ed\u201d, entre otras.<\/p>\n<p>La m\u00fasica fue el mejor refugio de Companioni ante su ceguera: Estudi\u00f3 guitarra y piano; fund\u00f3 el Coro de Clave de Santa Ana; form\u00f3 y dirigi\u00f3 las orquestas Francesa (1920) y la Argentina (1921).<\/p>\n<p>Existen tres obras musicales que identifican a Sancti Spiritus: \u201cPensamiento\u201d \u201cRosalba\u201d y \u201cMujer Perjura\u201d. Baste decir que las dos \u00faltimas son de la autoria de Companioni.<\/p>\n<p>Fue esa una \u00e9poca clave para la promoci\u00f3n y desarrollo de la m\u00fasica espirituana.<\/p>\n<p>Miguel Companioni, \u201cTeofilito\u201d Alfredo Varona, Manolo Gallo, y Rafael Rodr\u00edguez. Una pl\u00e9yade de trovadores que marcaron tiempos de grandeza para la m\u00fasica espirituana, sin estridencias, salud\u00e1ndose cada noche en los vericuetos de esta ciudad, sin imaginar que lo que hac\u00edan por placer y alg\u00fan dinero estaba destinado a trascenderlos.<\/p>\n<p>A\u00f1os en que los Coros de Claves, La Parranda \u201cHermanos Sobrino\u201d, los Septetos, las orquestas y los trovadores gestaban sin saberlo la banda sonora de una ciudad que aun los reverencia siglos despu\u00e9s.<\/p>\n<p>Y en la c\u00faspide de ese altar, como dos patriarcas, con estudios musicales, una obra que los distingu\u00eda y el respeto de todos Companioni y \u201cTeofilito\u201d. En franca competencia con sus coros de claves, alternando encargos, serenatas g\u00e9neros y formatos musicales.<\/p>\n<p>Qu\u00e9 ser\u00eda de esta ciudad sin \u201cPensamiento\u201d, sin \u201cRosalba\u201d, sin \u201cHerminia\u201d, sin \u201cMujer perjura\u201d?. \u00bfQu\u00e9 canciones cantar\u00eda esta ciudad?<\/p>\n<p>Hoy se cumple el 143 aniversario de Miguelito Companioni. Que as\u00ed le decimos los espirituanos: \u201cMiguelito\u201d. Un bardo mayor que compuso canciones para amar.<\/p>\n<p>&nbsp;<\/p>\n<p>&nbsp;<\/p>\n<p>&nbsp;<\/p>\n<p>&nbsp;<\/p>\n<p>&nbsp;<\/p>\n","protected":false},"excerpt":{"rendered":"<p>Hoy se cumple el 143 aniversario de Miguelito Companioni. Un bardo mayor que compuso canciones para amar.<\/p>\n","protected":false},"author":163,"featured_media":22288,"comment_status":"open","ping_status":"open","sticky":false,"template":"","format":"standard","meta":{"_acf_changed":false,"footnotes":""},"categories":[1023],"tags":[],"coauthors":[],"class_list":["post-29709","post","type-post","status-publish","format-standard","has-post-thumbnail","hentry","category-el-balcon-del-soto"],"acf":[],"_links":{"self":[{"href":"https:\/\/www.radiosanctispiritus.cu\/es\/wp-json\/wp\/v2\/posts\/29709","targetHints":{"allow":["GET"]}}],"collection":[{"href":"https:\/\/www.radiosanctispiritus.cu\/es\/wp-json\/wp\/v2\/posts"}],"about":[{"href":"https:\/\/www.radiosanctispiritus.cu\/es\/wp-json\/wp\/v2\/types\/post"}],"author":[{"embeddable":true,"href":"https:\/\/www.radiosanctispiritus.cu\/es\/wp-json\/wp\/v2\/users\/163"}],"replies":[{"embeddable":true,"href":"https:\/\/www.radiosanctispiritus.cu\/es\/wp-json\/wp\/v2\/comments?post=29709"}],"version-history":[{"count":0,"href":"https:\/\/www.radiosanctispiritus.cu\/es\/wp-json\/wp\/v2\/posts\/29709\/revisions"}],"wp:featuredmedia":[{"embeddable":true,"href":"https:\/\/www.radiosanctispiritus.cu\/es\/wp-json\/wp\/v2\/media\/22288"}],"wp:attachment":[{"href":"https:\/\/www.radiosanctispiritus.cu\/es\/wp-json\/wp\/v2\/media?parent=29709"}],"wp:term":[{"taxonomy":"category","embeddable":true,"href":"https:\/\/www.radiosanctispiritus.cu\/es\/wp-json\/wp\/v2\/categories?post=29709"},{"taxonomy":"post_tag","embeddable":true,"href":"https:\/\/www.radiosanctispiritus.cu\/es\/wp-json\/wp\/v2\/tags?post=29709"},{"taxonomy":"author","embeddable":true,"href":"https:\/\/www.radiosanctispiritus.cu\/es\/wp-json\/wp\/v2\/coauthors?post=29709"}],"curies":[{"name":"wp","href":"https:\/\/api.w.org\/{rel}","templated":true}]}}