{"id":29656,"date":"2024-07-06T06:39:04","date_gmt":"2024-07-06T10:39:04","guid":{"rendered":"https:\/\/www.radiosanctispiritus.cu\/es\/?p=29656"},"modified":"2024-07-06T06:39:27","modified_gmt":"2024-07-06T10:39:27","slug":"escuela-de-arte-se-abre-al-verano-con-talleres","status":"publish","type":"post","link":"https:\/\/www.radiosanctispiritus.cu\/es\/escuela-de-arte-se-abre-al-verano-con-talleres\/","title":{"rendered":"Escuela de Arte se abre al verano con talleres"},"content":{"rendered":"<p>Aunque el verano implica que las instituciones educativas tomen un descanso la Escuela de Arte Ernesto Lecuona de Sancti Sp\u00edritus ser\u00e1 testigo del 11 al 17 de julio de talleres de danza y m\u00fasica.<\/p>\n<p>La Escuela de Arte Ernesto Lecuona de Sancti Sp\u00edritus despidi\u00f3 el curso escolar tras la conclusi\u00f3n de las actuaciones de los nuevos alumnos en las especialidades de m\u00fasica y danza, \u00a0as\u00ed como el pase de a\u00f1o del resto del estudiantado y de nivel de quienes proseguir\u00e1n estudios fuera de la \u00fanica instituci\u00f3n educativa de la ense\u00f1an art\u00edstica en la provincia, \u00a0la escuela de arte se abre al verano.<\/p>\n<audio class=\"wp-audio-shortcode\" id=\"audio-29656-1\" preload=\"none\" style=\"width: 100%;\" controls=\"controls\"><source type=\"audio\/mpeg\" src=\"https:\/\/www.ivoox.com\/lisandra-al-dia-5-7-24_md_131292974_wp_1.mp3?_=1\" \/><a href=\"https:\/\/www.ivoox.com\/lisandra-al-dia-5-7-24_md_131292974_wp_1.mp3\" target=\"_blank\" rel=\"noopener\">https:\/\/www.ivoox.com\/lisandra-al-dia-5-7-24_md_131292974_wp_1.mp3<\/a><\/audio>\n<p>&nbsp;<\/p>\n","protected":false},"excerpt":{"rendered":"<p>Aunque el verano implica que las instituciones educativas tomen un descanso la Escuela de Arte Ernesto Lecuona de Sancti Sp\u00edritus ser\u00e1 testigo del 11 al 17 de julio de talleres de danza y m\u00fasica. La Escuela de Arte Ernesto Lecuona de Sancti Sp\u00edritus despidi\u00f3 el curso escolar tras la conclusi\u00f3n de las actuaciones de los [&hellip;]<\/p>\n","protected":false},"author":12,"featured_media":29661,"comment_status":"open","ping_status":"open","sticky":false,"template":"","format":"standard","meta":{"_acf_changed":false,"footnotes":""},"categories":[1],"tags":[],"coauthors":[],"class_list":["post-29656","post","type-post","status-publish","format-standard","has-post-thumbnail","hentry","category-sancti-spiritus"],"acf":[],"_links":{"self":[{"href":"https:\/\/www.radiosanctispiritus.cu\/es\/wp-json\/wp\/v2\/posts\/29656","targetHints":{"allow":["GET"]}}],"collection":[{"href":"https:\/\/www.radiosanctispiritus.cu\/es\/wp-json\/wp\/v2\/posts"}],"about":[{"href":"https:\/\/www.radiosanctispiritus.cu\/es\/wp-json\/wp\/v2\/types\/post"}],"author":[{"embeddable":true,"href":"https:\/\/www.radiosanctispiritus.cu\/es\/wp-json\/wp\/v2\/users\/12"}],"replies":[{"embeddable":true,"href":"https:\/\/www.radiosanctispiritus.cu\/es\/wp-json\/wp\/v2\/comments?post=29656"}],"version-history":[{"count":0,"href":"https:\/\/www.radiosanctispiritus.cu\/es\/wp-json\/wp\/v2\/posts\/29656\/revisions"}],"wp:featuredmedia":[{"embeddable":true,"href":"https:\/\/www.radiosanctispiritus.cu\/es\/wp-json\/wp\/v2\/media\/29661"}],"wp:attachment":[{"href":"https:\/\/www.radiosanctispiritus.cu\/es\/wp-json\/wp\/v2\/media?parent=29656"}],"wp:term":[{"taxonomy":"category","embeddable":true,"href":"https:\/\/www.radiosanctispiritus.cu\/es\/wp-json\/wp\/v2\/categories?post=29656"},{"taxonomy":"post_tag","embeddable":true,"href":"https:\/\/www.radiosanctispiritus.cu\/es\/wp-json\/wp\/v2\/tags?post=29656"},{"taxonomy":"author","embeddable":true,"href":"https:\/\/www.radiosanctispiritus.cu\/es\/wp-json\/wp\/v2\/coauthors?post=29656"}],"curies":[{"name":"wp","href":"https:\/\/api.w.org\/{rel}","templated":true}]}}