{"id":29628,"date":"2024-07-05T21:17:52","date_gmt":"2024-07-06T01:17:52","guid":{"rendered":"https:\/\/www.radiosanctispiritus.cu\/es\/?p=29628"},"modified":"2024-07-06T06:40:22","modified_gmt":"2024-07-06T10:40:22","slug":"temas-de-relevancia-del-acontecer-nacional-ocuparon-atencion-en-pleno-partidista","status":"publish","type":"post","link":"https:\/\/www.radiosanctispiritus.cu\/es\/temas-de-relevancia-del-acontecer-nacional-ocuparon-atencion-en-pleno-partidista\/","title":{"rendered":"Temas de relevancia del acontecer nacional ocupan atenci\u00f3n en Pleno partidista"},"content":{"rendered":"<div class=\"story-body-textt story-content\">\n<p>En medio del desafiante contexto que vive hoy la naci\u00f3n cubana, este viernes tuvo lugar la primera sesi\u00f3n de trabajo del VIII Pleno del Comit\u00e9 Central del Partido Comunista de Cuba, encabezado por su Primer Secretario, el Presidente de la Rep\u00fablica, Miguel D\u00edaz-Canel Berm\u00fadez, cuyo primer tema en la agenda centr\u00f3 el an\u00e1lisis del cumplimiento de los acuerdos que se han adoptado desde el 8vo. Congreso del Partido, realizado en abril de 2021, hasta la fecha.<\/p>\n<p>Seg\u00fan detall\u00f3 el miembro del Bur\u00f3 Pol\u00edtico y secretario de Organizaci\u00f3n, Roberto Morales Ojeda, son 14 los acuerdos que en esta ocasi\u00f3n se eval\u00faan, de los cuales hay cumplido uno, otro se incumple y el resto se encuentra en proceso.<\/p>\n<p>La mayor\u00eda de ellos, refiri\u00f3, \u00abtiene mucho que ver con la implementaci\u00f3n de estrategias para el fortalecimiento de las organizaciones de masa, de la propia Uni\u00f3n de J\u00f3venes Comunistas, as\u00ed como de la transformaci\u00f3n del trabajo pol\u00edtico-ideol\u00f3gico\u00bb.<\/p>\n<p>Varios son los acuerdos asociados a esos t\u00f3picos a los cuales se hicieron referencia en las intervenciones, marcadas por la exposici\u00f3n de m\u00faltiples elementos que respaldan cu\u00e1nto se ha podido avanzar, pero con un claro \u00e9nfasis tambi\u00e9n en cu\u00e1nto m\u00e1s se puede hacer para lograr los resultados que en verdad se necesitan.<\/p>\n<p>Como seguimiento de acuerdos adoptados durante el III Pleno del Comit\u00e9 Central, en la ma\u00f1ana de este viernes se evaluaron las acciones que se han llevado a cabo para implementar las estrategias para el fortalecimiento de los Comit\u00e9s de Defensa de la Revoluci\u00f3n (CDR) y de la Federaci\u00f3n de Mujeres Cubanas (FMC), dos organizaciones claves para el trabajo en las comunidades y los barrios, a las cuales todav\u00eda les falta mucho por hacer en aras de consolidar el verdadero papel que en nuestra sociedad les corresponde.<\/p>\n<p>\u00abEs en la base donde se garantizan los procesos\u00bb, consider\u00f3 Gerardo Hern\u00e1ndez Nordelo, coordinador nacional de los CDR, de ah\u00ed la importancia que concedi\u00f3 en sus palabras al trabajo en las cuadras, pues en ese peque\u00f1o espacio del pa\u00eds \u00abest\u00e1 lo bueno y lo malo\u00bb, por ello lo imprescindible de continuar ganando espacios que sumen a la participaci\u00f3n popular en todos los \u00e1mbitos.<\/p>\n<p>En tal sentido, la secretaria general de la FMC, Teresa Amarelle Bou\u00e9, valor\u00f3 la importancia de avanzar cada vez m\u00e1s en la implementaci\u00f3n de la pol\u00edtica de cuadros en la base, pues es en \u00ablos municipios donde se realiza el verdadero trabajo comunitario y es all\u00ed donde m\u00e1s debemos orientar, estimular y capacitar a nuestras dirigentes\u00bb.<\/p>\n<p>Justamente en la base, en las comunidades, a lo interno del \u00edntimo espacio de una cuadra o un barrio es donde mayor reflejo tiene la violencia de g\u00e9nero, tema asociado a otro de los acuerdos analizados durante la jornada y que fue adoptado durante el anterior Pleno.<\/p>\n<p>Al respecto, Amarelle Bou\u00e9 insisti\u00f3 en la necesidad de encaminar las acciones de manera prioritaria hacia la prevenci\u00f3n de estos hechos, para lo cual se requiere de un accionar cohesionado y sistem\u00e1tico.<\/p>\n<p>Con una mirada desde el quehacer que realizan las estructuras de la Fiscal\u00eda en sus diferentes niveles, las miembros del Comit\u00e9 Central, Yamila Gonz\u00e1lez Ferrer, fiscal general de la Rep\u00fablica, y Yudelkis Arestuche Torres, compartieron criterios que respaldan el papel fundamental del trabajo conjunto con las comunidades y diferentes organismos e instituciones para avanzar no solo en el enfrentamiento de estos hechos, sino de manera particular en su prevenci\u00f3n, bajo el principio de tolerancia cero a su ocurrencia en la sociedad.<\/p>\n<p><strong>HISTORIA E IDEOLOG\u00cdA, CLAVES PARA LA CONSTRUCCI\u00d3N SOCIALISTA<\/strong><\/p>\n<p>Como un acuerdo de permanente cumplimiento catalog\u00f3 Elier Ram\u00edrez Ca\u00f1edo el referido al trabajo del Partido en funci\u00f3n de la investigaci\u00f3n, la ense\u00f1anza y la divulgaci\u00f3n de la Historia de Cuba y del Marxismo-Leninismo, pues la historia, dijo \u00abno es solo un amuleto del pasado para conocer de \u00e9l, sino que su conocimiento puede convertirse en una fuerza transformadora del presente\u00bb.<\/p>\n<p>En tal sentido, llam\u00f3 la atenci\u00f3n sobre el hecho de que, aun cuando en nuestro pa\u00eds existen numerosas instituciones y centros especializados que se dedican a la investigaci\u00f3n y el estudio de la historia, \u00abtodav\u00eda no llegamos a la conciencia de los m\u00e1s j\u00f3venes y ni logramos apasionarlos con la historia\u00bb.<\/p>\n<p>Y para ello, reflexion\u00f3, es imprescindible avanzar m\u00e1s en el \u00e1mbito comunicacional y \u00abpensar c\u00f3mo revolucionar todo lo asociado con estos temas, empleando tambi\u00e9n los nuevos c\u00f3digos de comunicaci\u00f3n que se establecen entre nuestros j\u00f3venes\u00bb.<\/p>\n<p>La historia \u2014valor\u00f3\u2014 es un campo de batalla desde el punto de vista ideol\u00f3gico, cultural y tambi\u00e9n social.<\/p>\n<p>Sobre este neur\u00e1lgico tema que gravita sobre el desarrollo de nuestra sociedad se compartieron tambi\u00e9n ideas referidas al seguimiento que se concede desde las estructuras del Partido y de Educaci\u00f3n a la preparaci\u00f3n de docentes y trabajadores, quienes tienen un papel esencial en las acciones de formaci\u00f3n en las aulas.<\/p>\n<p>Muy estrechamente ligado tambi\u00e9n a la formaci\u00f3n de las nuevas generaciones est\u00e1 la Estrategia para fortalecer el papel integral de la Uni\u00f3n de J\u00f3venes Comunistas (UJC) en el presente y el futuro del pa\u00eds, cuya actualizaci\u00f3n e implementaci\u00f3n fueron consideradas como esenciales por Meyvis Est\u00e9vez Echavarr\u00eda, primera secretaria del Comit\u00e9 Nacional de la UJC.<\/p>\n<p>Se ha avanzado, dijo, pero a\u00fan nos falta mucho por hacer, acompa\u00f1ar y construir, sobre todo en los comit\u00e9s de base.<\/p>\n<p>Del hacer de los cuadros y su papel en lo referido a la labor pol\u00edtica- ideol\u00f3gica para el cumplimiento de Ideas, Conceptos y Directrices del 8vo. Congreso del Partido, coment\u00f3 m\u00e1s adelante Humberto Camilo Hern\u00e1ndez Su\u00e1rez, pues necesitamos que, con su capacidad creativa, enfatiz\u00f3, se \u00absobrepongan con inteligencia a las dificultades\u00bb.<\/p>\n<p>Si bien se ha trabajado con intencionalidad en el completamiento de las plantillas, refiri\u00f3, esas acciones no pueden traducirse solo en n\u00fameros, pues quienes asuman tareas de direcci\u00f3n tienen que estar preparados en todos los \u00e1mbitos.<\/p>\n<p>Como parte de las acciones para prevenir y enfrentar la subversi\u00f3n pol\u00edtico ideol\u00f3gica, caracterizada cada vez por una mayor agresividad del Gobierno de los Estados Unidos hacia nuestro pueblo, se coincidi\u00f3 en que se deben aprovechar todos los espacios, tanto los f\u00edsicos como digitales, para contrarrestar campa\u00f1as de intoxicaci\u00f3n medi\u00e1tica que se ponen en pr\u00e1ctica contra la sociedad cubana.<\/p>\n<p>Unido a ello, se insisti\u00f3 en sumar a todos en las acciones de comunicaci\u00f3n e informaci\u00f3n, lo cual tiene que dejar de ser visto solo como una responsabilidad de los medios tradicionales de comunicaci\u00f3n, pues en el actual contexto medi\u00e1tico tambi\u00e9n las instituciones, las organizaciones y la comunidad tienen un importante papel en la facilitaci\u00f3n de informaci\u00f3n ver\u00e1s al pueblo.<\/p>\n<p>De manera particular acerca de la actualizaci\u00f3n del Programa Educativo, dirigido a la prevenci\u00f3n y el consumo de drogas en universidades, coment\u00f3 m\u00e1s adelante Walter Baluja Garc\u00eda, ministro de Educaci\u00f3n Superior, quien consider\u00f3 que en medio del actual contexto nacional e internacional resulta cada vez m\u00e1s trascendente el trabajo integrado para prevenir y enfrentar la ocurrencia de esos hechos.<\/p>\n<p>Es fundamental, se\u00f1al\u00f3, fortalecer el trabajo comunitario y social en las universidades.<\/p>\n<p><strong>LA INDUSTRIA AZUCARERA Y SUS RETOS<\/strong><\/p>\n<p>El III Pleno del Comit\u00e9 Central, desarrollado en diciembre de 2021, marc\u00f3 una pauta en el an\u00e1lisis del comportamiento de la industria azucarera en el pa\u00eds. El conjunto de medidas aprobadas entonces para salvarla, fueron tambi\u00e9n objeto de an\u00e1lisis en esta sesi\u00f3n inaugural del VIII Pleno.<\/p>\n<p>En tal sentido, Jos\u00e9 Ram\u00f3n Monteagudo Ruiz refiri\u00f3 que si bien el documento presentado a los miembros del Comit\u00e9 Central contiene un an\u00e1lisis objetivo e integral sobre la actual situaci\u00f3n que presenta el sector, no se puede obviar el hecho de en los \u00faltimos a\u00f1os ha sido imposible garantizar todos los recursos materiales necesarios que permitan concretar verdaderos avances.<\/p>\n<p>No obstante esa realidad, subray\u00f3 tambi\u00e9n la existencia de m\u00faltiples problemas de car\u00e1cter subjetivo que evidencias que en muchos lugares hay cosas que no dependen de recursos y no se est\u00e1n haciendo bien e inciden directamente en el decrecimiento de la producci\u00f3n de ca\u00f1a, principal problema que presenta hoy el sector.<\/p>\n<p>Esos aspectos, dijo, tienen que ser atendidos de manera priorizada.<\/p>\n<p>Con ese punto de vista coincidi\u00f3 tambi\u00e9n Julio Garc\u00eda P\u00e9rez, presidente del Grupo Azucarero Azcuba, e invitado al VIII Pleno, quien reconoci\u00f3 cu\u00e1nto trabajo falta por hacer todav\u00eda en el plano subjetivo, pues existen muchos lugares \u00abdonde aun cuando pusi\u00e9ramos los recursos no se aprovechar\u00edan bien\u00bb.<\/p>\n<p>Entre las acciones que consider\u00f3 importante tener en cuenta para obtener mejores indicadores productivos en la venidera contienda destac\u00f3 la necesidad de realizar una profunda evaluaci\u00f3n de los resultados de la actual zafra azucarera \u00abcon el prop\u00f3sito de sacar lecciones y adoptar acciones\u00bb. Unido a ello, signific\u00f3, se debe trabajar para fortalecer las empresas agroindustriales y las unidades productoras de ca\u00f1a, as\u00ed como para detener el decrecimiento ca\u00f1ero en el pa\u00eds.<\/p>\n<p>Asociado a ese tema, la investigadora Aydiloide Bernal Villegas consider\u00f3 que \u00abno en todos los lugares se ha hecho un uso eficiente de las 93 medidas aprobadas para salvar la industria azucarera, lo cual incide en los resultados que en la actualidad se manifiestan\u00bb. Asimismo, enfatiz\u00f3 en la importancia de conceder mayor protagonismo al empleo de la ciencia y la innovaci\u00f3n, de las investigaciones tecnol\u00f3gicas y de los proyectos de desarrollo local que contribuyan a fomentar encadenamientos productivos.<\/p>\n<p>Acerca de la profunda evaluaci\u00f3n llevada a cabo sobre los principales elementos que en la actualidad afectan el desarrollo del sector, coment\u00f3 Felix Duarte Ortega, presidente de la Asociaci\u00f3n Nacional de Agricultores Peque\u00f1os (ANAP), quien\u00a0 explic\u00f3 que desde la organizaci\u00f3n se ha llevado a cabo un amplio proceso de fortalecimiento de las estructuras de base en todo el sector ca\u00f1ero.<\/p>\n<p>De manera general, fueron cerca de 20 intervenciones, en las cuales los miembros del Comit\u00e9 Central abordaron m\u00faltiples aristas de los acuerdos objeto de evaluaci\u00f3n, que no solo permiten avanzar en su cumplimiento, sino tambi\u00e9n perfeccionar las acciones que con ese prop\u00f3sito se dise\u00f1an e implementan en diferentes \u00e1mbitos de la sociedad.<\/p>\n<p><strong>UNA MIRADA INTEGRAL PARA SANEAR LA ECONOM\u00cdA CUBANA<\/strong><\/p>\n<p><img decoding=\"async\" class=\"size-medium wp-image-29629 aligncenter\" src=\"https:\/\/www.radiosanctispiritus.cu\/es\/wp-content\/uploads\/pm_pleno_pcc_5724_2-600x400.jpg\" alt=\"\" width=\"600\" height=\"400\" srcset=\"https:\/\/www.radiosanctispiritus.cu\/es\/wp-content\/uploads\/pm_pleno_pcc_5724_2-600x400.jpg 600w, https:\/\/www.radiosanctispiritus.cu\/es\/wp-content\/uploads\/pm_pleno_pcc_5724_2-1024x682.jpg 1024w, https:\/\/www.radiosanctispiritus.cu\/es\/wp-content\/uploads\/pm_pleno_pcc_5724_2-768x512.jpg 768w, https:\/\/www.radiosanctispiritus.cu\/es\/wp-content\/uploads\/pm_pleno_pcc_5724_2-1536x1023.jpg 1536w, https:\/\/www.radiosanctispiritus.cu\/es\/wp-content\/uploads\/pm_pleno_pcc_5724_2.jpg 1732w\" sizes=\"(max-width: 600px) 100vw, 600px\" \/><\/p>\n<p class=\"western\" lang=\"es-ES-u-co-trad\">Sobre el estado de implementaci\u00f3n de las Proyecciones del Gobierno para corregir distorsiones y reimpulsar la econom\u00eda durante el primer semestre del a\u00f1o 2024, vers\u00f3 la explicaci\u00f3n que comparti\u00f3 en la tarde de este viernes, durante el VIII Pleno del Comit\u00e9 Central del Partido Comunista de Cuba (PCC), el integrante del Bur\u00f3 Pol\u00edtico y Primer Ministro de la Rep\u00fablica, Manuel Marrero Cruz.<\/p>\n<p>Desde el Palacio de la Revoluci\u00f3n, el Jefe de Gobierno dijo a los delegados a la importante cita partidista que el contenido de esa explicaci\u00f3n hab\u00eda sido previamente presentado al Bur\u00f3 Pol\u00edtico del Partido Comunista, y que sus esencias han formado parte de un modo de trabajo, sistem\u00e1tico, que analiza cada propuesta de implementaci\u00f3n, de acuerdo con el sitio de la Presidencia.<\/p>\n<p>El 27 de diciembre del 2023, record\u00f3 el dirigente, una sesi\u00f3n del Consejo de Ministros model\u00f3 el Plan de acciones para implementar cada proyecci\u00f3n, en un dise\u00f1o integral que contiene ocho objetivos fundamentales, de los cuales el primero tiene que ver con la necesidad de la estabilizaci\u00f3n macroecon\u00f3mica del pa\u00eds. Ese primer prop\u00f3sito, dijo Marrero Cruz, permitir\u00e1 el avance en el camino de otras proyecciones y acciones.<\/p>\n<p>Al detalle, el Jefe de Gobierno ofreci\u00f3 una explicaci\u00f3n sobre las diversas acciones que est\u00e1n incluidas en los siete objetivos restantes y que consisten en diversificar ingresos externos de la naci\u00f3n; incrementar la producci\u00f3n nacional, con \u00e9nfasis en el aprovechamiento de las capacidades instaladas; avanzar en el desarrollo del sistema empresarial del pa\u00eds; as\u00ed como perfeccionar la gesti\u00f3n estrat\u00e9gica de desarrollo territorial.<\/p>\n<p>Los otros objetivos apuntan a transformar el entorno de las instituciones, regulatorio y organizativo del funcionamiento de la econom\u00eda; desarrollar la pol\u00edtica social; y reducir el delito, la corrupci\u00f3n, las ilegalidades e indisciplinas sociales, mediante la prevenci\u00f3n y el enfrentamiento, influyendo en las causas y condiciones que generan esas manifestaciones.<\/p>\n<p>La intervenci\u00f3n del Primer Ministro dio paso a que m\u00e1s de una voz se sumara a la reflexi\u00f3n colectiva. El profesor Carlos C\u00e9sar Torres, de la Universidad de Pinar del R\u00edo \u201cHermanos Sa\u00edz Montes de Oca\u201d, destac\u00f3 c\u00f3mo las Proyecciones del Gobierno para corregir distorsiones y reimpulsar la econom\u00eda no abordan \u201cde manera aislada las dificultades que tenemos\u201d.<\/p>\n<p>El experto subray\u00f3 el valor de la integralidad y la manera en que se han dado pasos sustantivos para transformar la econom\u00eda cubana en su conjunto. Asimismo, resalt\u00f3 que el municipio es el espacio por excelencia para concretar cada proyecci\u00f3n, a punto de partida del trabajo conjunto de todas las estructuras y entidades a las que concierne el camino del mejoramiento.<\/p>\n<p>Por su parte el ministro de Econom\u00eda y Planificaci\u00f3n, Joaqu\u00edn Alonso V\u00e1zquez, valor\u00f3 que se est\u00e1 en un momento en que vemos resultados pero tenemos que seguir trabajando. E hizo \u00e9nfasis en la importancia de un sistema de medici\u00f3n para tales avances. Se trata, dijo, de un camino que, m\u00e1s que de velocidad, es de resistencia; que implica voluntad, inteligencia, coordinaci\u00f3n, y compromiso.<\/p>\n<p>\u201cTenemos que ir logrando resultados con lo que tenemos\u201d, afirm\u00f3 el titular en la tarde de este viernes. Y a esa mirada se sum\u00f3 la de la ministra presidenta del Banco Central de Cuba (BCC), Juana Lilia Delgado Portal, quien abord\u00f3 la trascendencia de comprender, de interpretar cada una de las medidas planteadas, en tanto cada una de ellas entra\u00f1a un valioso prop\u00f3sito.<\/p>\n<p>\u201cAqu\u00ed es imprescindible tener en cuenta que todas (las medidas) son necesarias\u201d, dijo la ministra presidenta, atendiendo a que ellas ser\u00e1n la garant\u00eda para sanear la econom\u00eda y alcanzar el saldo que Cuba necesita.<\/p>\n<p>Vladimir Regueiro Ale, titular de Finanzas y Precios, expres\u00f3 en el VIII pleno partidista que \u201cnos queda mucho trabajo por hacer\u201d, que es grande el compromiso que se presenta, al tiempo de resaltar que la integraci\u00f3n ha hecho posible el desarrollo de m\u00faltiples capacidades.<\/p>\n<p>Hacia el final de la jornada los delegados aprobaron por unanimidad el contenido del texto presentado por el Primer Ministro de la Rep\u00fablica de Cuba, Manuel Marrero Cruz, el cual ser\u00e1 llevado pr\u00f3ximamente, para dar paso a otras reflexiones, a la Asamblea Nacional del Poder Popular.<\/p>\n<p><strong>NUEVOS MIEMBROS DEL COMIT\u00c9 CENTRAL<\/strong><\/p>\n<p>Teniendo en cuenta que miembros del Comit\u00e9 Central, al no ocupar ya los cargos en que se encontraban y dejar de pertenecer al mismo, como parte de la jornada matutina de este VIII Pleno, se aprob\u00f3 la incorporaci\u00f3n de nuevos integrantes del Comit\u00e9 Central:<\/p>\n<ul>\n<li>General de divisi\u00f3n Ernesto Feij\u00f3 Eir\u00f3, jefe del Ej\u00e9rcito Occidental.<\/li>\n<li>General de divisi\u00f3n Eugenio Armando Rabilero Aguilera, Jefe del Ej\u00e9rcito Oriental.<\/li>\n<li>Emilio Lozada Garc\u00eda, jefe del departamento de Relaciones Internacionales del Comit\u00e9 Central.<\/li>\n<li>Meyvis Est\u00e9vez Echavarr\u00eda, primera secretaria del Comit\u00e9 Nacional de la Uni\u00f3n de J\u00f3venes Comunistas.<\/li>\n<\/ul>\n<\/div>\n","protected":false},"excerpt":{"rendered":"<p>En medio del desafiante contexto que vive hoy la naci\u00f3n cubana, este viernes tuvo lugar la primera sesi\u00f3n de trabajo del VIII Pleno del Comit\u00e9 Central del Partido Comunista de Cuba, encabezado por su Primer Secretario, el Presidente de la Rep\u00fablica, Miguel D\u00edaz-Canel Berm\u00fadez, <\/p>\n","protected":false},"author":24,"featured_media":29630,"comment_status":"open","ping_status":"open","sticky":false,"template":"","format":"standard","meta":{"_acf_changed":false,"footnotes":""},"categories":[3,16,8],"tags":[28,74,75,1242],"coauthors":[],"class_list":["post-29628","post","type-post","status-publish","format-standard","has-post-thumbnail","hentry","category-cuba","category-economia","category-noticia","tag-miguel-diaz-canel","tag-partido-comunista-de-cuba","tag-pcc","tag-pleno-comite-central-pcc"],"acf":[],"_links":{"self":[{"href":"https:\/\/www.radiosanctispiritus.cu\/es\/wp-json\/wp\/v2\/posts\/29628","targetHints":{"allow":["GET"]}}],"collection":[{"href":"https:\/\/www.radiosanctispiritus.cu\/es\/wp-json\/wp\/v2\/posts"}],"about":[{"href":"https:\/\/www.radiosanctispiritus.cu\/es\/wp-json\/wp\/v2\/types\/post"}],"author":[{"embeddable":true,"href":"https:\/\/www.radiosanctispiritus.cu\/es\/wp-json\/wp\/v2\/users\/24"}],"replies":[{"embeddable":true,"href":"https:\/\/www.radiosanctispiritus.cu\/es\/wp-json\/wp\/v2\/comments?post=29628"}],"version-history":[{"count":0,"href":"https:\/\/www.radiosanctispiritus.cu\/es\/wp-json\/wp\/v2\/posts\/29628\/revisions"}],"wp:featuredmedia":[{"embeddable":true,"href":"https:\/\/www.radiosanctispiritus.cu\/es\/wp-json\/wp\/v2\/media\/29630"}],"wp:attachment":[{"href":"https:\/\/www.radiosanctispiritus.cu\/es\/wp-json\/wp\/v2\/media?parent=29628"}],"wp:term":[{"taxonomy":"category","embeddable":true,"href":"https:\/\/www.radiosanctispiritus.cu\/es\/wp-json\/wp\/v2\/categories?post=29628"},{"taxonomy":"post_tag","embeddable":true,"href":"https:\/\/www.radiosanctispiritus.cu\/es\/wp-json\/wp\/v2\/tags?post=29628"},{"taxonomy":"author","embeddable":true,"href":"https:\/\/www.radiosanctispiritus.cu\/es\/wp-json\/wp\/v2\/coauthors?post=29628"}],"curies":[{"name":"wp","href":"https:\/\/api.w.org\/{rel}","templated":true}]}}