{"id":29566,"date":"2024-07-04T00:16:49","date_gmt":"2024-07-04T04:16:49","guid":{"rendered":"https:\/\/www.radiosanctispiritus.cu\/es\/?p=29566"},"modified":"2024-07-04T06:40:00","modified_gmt":"2024-07-04T10:40:00","slug":"por-la-ruta-de-camilo-y-che-teatristas-espirituanos-viajan-a-las-esencias-comunitarias","status":"publish","type":"post","link":"https:\/\/www.radiosanctispiritus.cu\/es\/por-la-ruta-de-camilo-y-che-teatristas-espirituanos-viajan-a-las-esencias-comunitarias\/","title":{"rendered":"Por la ruta de Camilo y Che, teatristas espirituanos viajan a las esencias comunitarias"},"content":{"rendered":"<p>Por la ruta de Camilo y Che, que es decir por las esencias de los barrios y comunidades, sobre todo, rurales, andan los artistas esc\u00e9nicos de la provincia de Sancti Sp\u00edritus como parte de la XXX Cruzada Teatral que cada a\u00f1o se erige en una de las propuestas m\u00e1s esperadas por el p\u00fablico.<\/p>\n<p>Sin importar las distancias a recorrer, las compa\u00f1\u00edas espirituanas trastocaron sus rutinas en las salas de teatro para llevar el arte a los escenarios m\u00e1s improvisados, llenaron las mochilas de t\u00edteres, colores y juegos de participaci\u00f3n y ascendieron hasta el municipio de Fomento, primera parada de la ruta que se extender\u00e1 hasta finales de agosto.<\/p>\n<p>Hasta este 6 de julio, el territorio que vio nacer el proyecto en los a\u00f1os m\u00e1s dif\u00edciles de 1990 y en cuyo lomer\u00edo el propio Ernesto Che Guevara instal\u00f3 su campamento rebelde, disfruta de las puestas en escena y de los talleres docentes, una iniciativa que se suma este verano como parte del m\u00e1s aut\u00e9ntico intercambio con los lugare\u00f1os.<\/p>\n<p>Lo m\u00e1s importante de estas cruzadas es el di\u00e1logo con los p\u00fablicos, asever\u00f3 a la ACN Juan Carlos Gonz\u00e1lez Castro, presidente del Consejo Provincial de las Artes Esc\u00e9nicas y uno de los fieles defensores del evento a\u00fan en medio de las condiciones m\u00e1s complejas, ver la forma en que ellos descubren o vuelven a sentir el teatro es maravilloso.<\/p>\n<p>Y en ese empe\u00f1o por hacer re\u00edr a ni\u00f1os y adultos, por \u201cbeber\u201d de las tradiciones m\u00e1s arraigadas entre los pobladores, la cruzada desanda ya sitios como J\u00edquima, La Hormiga o Sopimpa, lugares todos en los que el apoyo del gobierno, el sector educacional y las bases productivas es imprescindible.<\/p>\n<p>Casi una veintena de actividades tendr\u00e1n lugar en cada uno de los municipios, detall\u00f3 el propio Gonz\u00e1lez Castro, y para el cierre de esta edici\u00f3n, previsto en las comunidades de la capital provincial del 27 al 31 de agosto, se sumar\u00e1n dos agrupaciones de Ciego de \u00c1vila y Santa Clara.<\/p>\n<p>Excepto en el periodo de la pandemia de la COVID-19, cuando la propagaci\u00f3n del virus oblig\u00f3 a llevar las propuestas al universo digital, la cruzada se ha mantenido fiel a su ra\u00edz profundamente comunitaria y en los sitios y condiciones t\u00e9cnicas m\u00e1s dis\u00edmiles\u00a0contin\u00faa siendo una aut\u00e9ntica fiesta del teatro.<\/p>\n","protected":false},"excerpt":{"rendered":"<p>Por la ruta de Camilo y Che, que es decir por las esencias de los barrios y comunidades, sobre todo, rurales, andan los artistas esc\u00e9nicos de la provincia de Sancti Sp\u00edritus como parte de la XXX Cruzada Teatral que cada a\u00f1o se erige en una de las propuestas m\u00e1s esperadas por el p\u00fablico.<\/p>\n","protected":false},"author":123,"featured_media":29567,"comment_status":"open","ping_status":"open","sticky":false,"template":"","format":"standard","meta":{"_acf_changed":false,"footnotes":""},"categories":[6,8,1],"tags":[443,899,360],"coauthors":[],"class_list":["post-29566","post","type-post","status-publish","format-standard","has-post-thumbnail","hentry","category-cultura","category-noticia","category-sancti-spiritus","tag-artes-escenicas","tag-cruzada-teatral","tag-cultura-espirituana"],"acf":[],"_links":{"self":[{"href":"https:\/\/www.radiosanctispiritus.cu\/es\/wp-json\/wp\/v2\/posts\/29566","targetHints":{"allow":["GET"]}}],"collection":[{"href":"https:\/\/www.radiosanctispiritus.cu\/es\/wp-json\/wp\/v2\/posts"}],"about":[{"href":"https:\/\/www.radiosanctispiritus.cu\/es\/wp-json\/wp\/v2\/types\/post"}],"author":[{"embeddable":true,"href":"https:\/\/www.radiosanctispiritus.cu\/es\/wp-json\/wp\/v2\/users\/123"}],"replies":[{"embeddable":true,"href":"https:\/\/www.radiosanctispiritus.cu\/es\/wp-json\/wp\/v2\/comments?post=29566"}],"version-history":[{"count":0,"href":"https:\/\/www.radiosanctispiritus.cu\/es\/wp-json\/wp\/v2\/posts\/29566\/revisions"}],"wp:featuredmedia":[{"embeddable":true,"href":"https:\/\/www.radiosanctispiritus.cu\/es\/wp-json\/wp\/v2\/media\/29567"}],"wp:attachment":[{"href":"https:\/\/www.radiosanctispiritus.cu\/es\/wp-json\/wp\/v2\/media?parent=29566"}],"wp:term":[{"taxonomy":"category","embeddable":true,"href":"https:\/\/www.radiosanctispiritus.cu\/es\/wp-json\/wp\/v2\/categories?post=29566"},{"taxonomy":"post_tag","embeddable":true,"href":"https:\/\/www.radiosanctispiritus.cu\/es\/wp-json\/wp\/v2\/tags?post=29566"},{"taxonomy":"author","embeddable":true,"href":"https:\/\/www.radiosanctispiritus.cu\/es\/wp-json\/wp\/v2\/coauthors?post=29566"}],"curies":[{"name":"wp","href":"https:\/\/api.w.org\/{rel}","templated":true}]}}