{"id":29528,"date":"2024-07-04T06:38:58","date_gmt":"2024-07-04T10:38:58","guid":{"rendered":"https:\/\/www.radiosanctispiritus.cu\/es\/?p=29528"},"modified":"2024-07-04T06:38:58","modified_gmt":"2024-07-04T10:38:58","slug":"el-barco-que-nunca-navego-en-los-mares-de-trinidad","status":"publish","type":"post","link":"https:\/\/www.radiosanctispiritus.cu\/es\/el-barco-que-nunca-navego-en-los-mares-de-trinidad\/","title":{"rendered":"El barco que nunca naveg\u00f3 en los mares de Trinidad"},"content":{"rendered":"<p>Es un barco que nunca naveg\u00f3 en las aguas caribe\u00f1as que empapan el litoral trinitario, pero ha quedado como reliquia en la bah\u00eda de Casilda: all\u00ed posa desafiando tormentas, mareas crecidas, soportando los caprichos de la naturaleza: su vetusta armaz\u00f3n combina y hasta adorna el paisaje del entorno.<\/p>\n<p>No es un barco de las historias inveros\u00edmiles de corsarios y piratas, tampoco de naufragios que han conmovido al mundo. No es un barco fantasma pero sacude la curiosidad de quienes navegan o bordean la ensenada sure\u00f1a. Y es que el tiempo lo ancl\u00f3 para siempre.<\/p>\n<p>\u201cEse barco lo trajeron a remolque hasta ac\u00e1, no ten\u00eda motor, su traslado cost\u00f3 33 mil pesos, el objetivo era hacer un centro de acopio porque ten\u00eda un congelador franc\u00e9s muy grande, inmenso y lo anclaron en el muelle pero un chubasco con viento lo movi\u00f3 hasta la parte de la ensenada donde encall\u00f3 para siempre y con el paso del tiempo , se fue enterrando en el fondo y de ah\u00ed ya no hay quien lo saque\u201d.<\/p>\n<p>Desde la bah\u00eda de La Habana lleg\u00f3 la embarcaci\u00f3n a estos lares, lo cuenta Francisco Mart\u00ednez Ortega, que labor\u00f3 durante 40 a\u00f1os en la Unidad Empresarial de Base PESCASILDA. Pancho escama, sobrenombre que no lograr arrancarse a\u00fan en su jubilaci\u00f3n.<\/p>\n<p>\u201cHace 18 a\u00f1os que yo me jubil\u00e9 y desde mucho antes ese barco est\u00e1 ah\u00ed y poco a poco se fue desarmando y todo lo que ten\u00eda dentro, propela , tim\u00f3n, congelador, la gente se lo llev\u00f3 , te lo repito, ese barco no hay quien lo saque de ah\u00ed ya\u201d.<\/p>\n<p>Lo dice Pancho escama quien fuera Jefe de flota, y del Centro de Acopio de Cayo Bret\u00f3n , adem\u00e1s dirigente sindical .Sus historias dan para llenar un saco como el que se repleta en tiempos de corridas.<\/p>\n<p>El barco de mi historia es un adorno de ese pedazo de mar m\u00e1s bien sereno que brav\u00edo .Incontables amaneceres y puestas de sol le han sorprendido por a\u00f1os, pero sigue ah\u00ed, sembrado, quieto, presto a posar a cuanto lente se antoje de una instant\u00e1nea.<\/p>\n<p>El barco que hace historia en la bah\u00eda de Casida a pesar de su armaz\u00f3n de hierro y acero cede poco a poco al impacto del salitre, aunque todav\u00eda falta mucho tiempo para que se esfume definitivamente.<\/p>\n<p>Por el momento, el barco que nunca naveg\u00f3 en los mares de Trinidad es oasis de la fauna marina, diversidad de peces con sus vivos colores adornan su entorno. Y es que en el fondo del solitario barco florece la vida.<\/p>\n","protected":false},"excerpt":{"rendered":"<p>El barco que nunca naveg\u00f3 en los mares de Trinidad ha quedado como reliquia en la bah\u00eda de Casilda<\/p>\n","protected":false},"author":145,"featured_media":29529,"comment_status":"open","ping_status":"open","sticky":false,"template":"","format":"standard","meta":{"_acf_changed":false,"footnotes":""},"categories":[1],"tags":[],"coauthors":[],"class_list":["post-29528","post","type-post","status-publish","format-standard","has-post-thumbnail","hentry","category-sancti-spiritus"],"acf":[],"_links":{"self":[{"href":"https:\/\/www.radiosanctispiritus.cu\/es\/wp-json\/wp\/v2\/posts\/29528","targetHints":{"allow":["GET"]}}],"collection":[{"href":"https:\/\/www.radiosanctispiritus.cu\/es\/wp-json\/wp\/v2\/posts"}],"about":[{"href":"https:\/\/www.radiosanctispiritus.cu\/es\/wp-json\/wp\/v2\/types\/post"}],"author":[{"embeddable":true,"href":"https:\/\/www.radiosanctispiritus.cu\/es\/wp-json\/wp\/v2\/users\/145"}],"replies":[{"embeddable":true,"href":"https:\/\/www.radiosanctispiritus.cu\/es\/wp-json\/wp\/v2\/comments?post=29528"}],"version-history":[{"count":0,"href":"https:\/\/www.radiosanctispiritus.cu\/es\/wp-json\/wp\/v2\/posts\/29528\/revisions"}],"wp:featuredmedia":[{"embeddable":true,"href":"https:\/\/www.radiosanctispiritus.cu\/es\/wp-json\/wp\/v2\/media\/29529"}],"wp:attachment":[{"href":"https:\/\/www.radiosanctispiritus.cu\/es\/wp-json\/wp\/v2\/media?parent=29528"}],"wp:term":[{"taxonomy":"category","embeddable":true,"href":"https:\/\/www.radiosanctispiritus.cu\/es\/wp-json\/wp\/v2\/categories?post=29528"},{"taxonomy":"post_tag","embeddable":true,"href":"https:\/\/www.radiosanctispiritus.cu\/es\/wp-json\/wp\/v2\/tags?post=29528"},{"taxonomy":"author","embeddable":true,"href":"https:\/\/www.radiosanctispiritus.cu\/es\/wp-json\/wp\/v2\/coauthors?post=29528"}],"curies":[{"name":"wp","href":"https:\/\/api.w.org\/{rel}","templated":true}]}}