{"id":29518,"date":"2024-07-03T06:31:42","date_gmt":"2024-07-03T10:31:42","guid":{"rendered":"https:\/\/www.radiosanctispiritus.cu\/es\/?p=29518"},"modified":"2024-07-03T06:31:42","modified_gmt":"2024-07-03T10:31:42","slug":"instituciones-educativas-de-sancti-spiritus-abren-sus-puertas-al-verano","status":"publish","type":"post","link":"https:\/\/www.radiosanctispiritus.cu\/es\/instituciones-educativas-de-sancti-spiritus-abren-sus-puertas-al-verano\/","title":{"rendered":"Instituciones educativas de Sancti Spiritus abren sus puertas al verano"},"content":{"rendered":"<p>M\u00e1s de un centenar de Instituciones educativas de la provincia de Sancti Sp\u00edritus se suman con acciones concretas a la etapa estival, con la m\u00e1xima de que la escuela es el centro cultural m\u00e1s importante de la comunidad.<\/p>\n<p>De acuerdo con Yamilet Farf\u00e1n Pina, Jefa del Departamento de Actividades Educativas Especializadas en la Direcci\u00f3n General de Educaci\u00f3n, alrededor de 50 est\u00e1n enclavadas en zonas rurales y del Plan Turquino con el fin de garantizar el sano esparcimiento de ni\u00f1os, adolescentes y j\u00f3venes.<\/p>\n<p>Para garantizar el programa previsto en instituciones educativas espirituanas,bibliotecarias, instructores de arte, profesores de Educaci\u00f3n F\u00edsica y t\u00e9cnicos en inform\u00e1tica se encargan de materializar las diversas actividades recreativas y deportivas.<\/p>\n<p>Farf\u00e1n Pina, a\u00f1adi\u00f3 que durante los meses de julio y agosto los \u00a031 C\u00edrculos Infantiles de la provincia permanecer\u00e1n prestando servicios para la atenci\u00f3n a los ni\u00f1os de madres trabajadoras, al tiempo que funcionaran los Campamentos y Palacios de Pioneros del territorio.<\/p>\n<p>La dirigente educacional reafirm\u00f3 el compromiso y responsabilidad de los trabajadores del sector con la etapa de verano, teniendo en cuenta que las escuelas son instituciones que aportan a las actividades dise\u00f1adas en cada Consejo Popular.<\/p>\n","protected":false},"excerpt":{"rendered":"<p>M\u00e1s de un centenar de Instituciones educativas de la provincia de Sancti Sp\u00edritus se suman con acciones concretas a la etapa estival<\/p>\n","protected":false},"author":8,"featured_media":29519,"comment_status":"open","ping_status":"open","sticky":false,"template":"","format":"standard","meta":{"_acf_changed":false,"footnotes":""},"categories":[1],"tags":[],"coauthors":[],"class_list":["post-29518","post","type-post","status-publish","format-standard","has-post-thumbnail","hentry","category-sancti-spiritus"],"acf":[],"_links":{"self":[{"href":"https:\/\/www.radiosanctispiritus.cu\/es\/wp-json\/wp\/v2\/posts\/29518","targetHints":{"allow":["GET"]}}],"collection":[{"href":"https:\/\/www.radiosanctispiritus.cu\/es\/wp-json\/wp\/v2\/posts"}],"about":[{"href":"https:\/\/www.radiosanctispiritus.cu\/es\/wp-json\/wp\/v2\/types\/post"}],"author":[{"embeddable":true,"href":"https:\/\/www.radiosanctispiritus.cu\/es\/wp-json\/wp\/v2\/users\/8"}],"replies":[{"embeddable":true,"href":"https:\/\/www.radiosanctispiritus.cu\/es\/wp-json\/wp\/v2\/comments?post=29518"}],"version-history":[{"count":0,"href":"https:\/\/www.radiosanctispiritus.cu\/es\/wp-json\/wp\/v2\/posts\/29518\/revisions"}],"wp:featuredmedia":[{"embeddable":true,"href":"https:\/\/www.radiosanctispiritus.cu\/es\/wp-json\/wp\/v2\/media\/29519"}],"wp:attachment":[{"href":"https:\/\/www.radiosanctispiritus.cu\/es\/wp-json\/wp\/v2\/media?parent=29518"}],"wp:term":[{"taxonomy":"category","embeddable":true,"href":"https:\/\/www.radiosanctispiritus.cu\/es\/wp-json\/wp\/v2\/categories?post=29518"},{"taxonomy":"post_tag","embeddable":true,"href":"https:\/\/www.radiosanctispiritus.cu\/es\/wp-json\/wp\/v2\/tags?post=29518"},{"taxonomy":"author","embeddable":true,"href":"https:\/\/www.radiosanctispiritus.cu\/es\/wp-json\/wp\/v2\/coauthors?post=29518"}],"curies":[{"name":"wp","href":"https:\/\/api.w.org\/{rel}","templated":true}]}}