{"id":29511,"date":"2024-07-02T21:24:14","date_gmt":"2024-07-03T01:24:14","guid":{"rendered":"https:\/\/www.radiosanctispiritus.cu\/es\/?p=29511"},"modified":"2024-07-02T21:24:14","modified_gmt":"2024-07-03T01:24:14","slug":"pleno-partidista-debatira-temas-medulares-de-la-agenda-publica-cubana","status":"publish","type":"post","link":"https:\/\/www.radiosanctispiritus.cu\/es\/pleno-partidista-debatira-temas-medulares-de-la-agenda-publica-cubana\/","title":{"rendered":"Pleno partidista debatir\u00e1 temas medulares de la agenda p\u00fablica cubana"},"content":{"rendered":"<p>El VIII Pleno del Partido Comunista de Cuba (PCC) analizar\u00e1 esta semana como temas fundamentales la producci\u00f3n de alimentos y el enfrentamiento a la corrupci\u00f3n, el delito, las ilegalidades e indisciplinas sociales, destac\u00f3 la formaci\u00f3n pol\u00edtica en X.<\/p>\n<p>En el encuentro, que tendr\u00e1 lugar el viernes y s\u00e1bado pr\u00f3ximos, tambi\u00e9n el Bur\u00f3 Pol\u00edtico del Comit\u00e9 Central rendir\u00e1 cuenta de su gesti\u00f3n en el periodo transcurrido desde el anterior Pleno, en diciembre de 2023.<\/p>\n<p>De acuerdo con la convocatoria, las tem\u00e1ticas a tratar atienden al deber del Partido Comunista de Cuba de que su agenda est\u00e9 cada vez m\u00e1s cerca de la agenda p\u00fablica del pa\u00eds.<\/p>\n<p>Ambos asuntos, refiere el texto, est\u00e1n impactados por el recrudecido bloqueo econ\u00f3mico, comercial y financiero de Estados Unidos y, por tanto, sus consecuencias pesan sobre la prosperidad de la poblaci\u00f3n cubana.<\/p>\n<p>Agrega que se trata de asuntos que m\u00e1s de una vez la direcci\u00f3n del pa\u00eds ha calificado como de seguridad nacional, pues su estabilidad ofrece garant\u00edas para la recuperaci\u00f3n paulatina de la vida nacional.<\/p>\n","protected":false},"excerpt":{"rendered":"<p>El VIII Pleno del Partido Comunista de Cuba (PCC) analizar\u00e1 esta semana como temas fundamentales la producci\u00f3n de alimentos y el enfrentamiento a la corrupci\u00f3n, el delito, las ilegalidades e indisciplinas sociales.<\/p>\n","protected":false},"author":123,"featured_media":29512,"comment_status":"open","ping_status":"open","sticky":false,"template":"","format":"standard","meta":{"_acf_changed":false,"footnotes":""},"categories":[3,8],"tags":[74,75,1242],"coauthors":[],"class_list":["post-29511","post","type-post","status-publish","format-standard","has-post-thumbnail","hentry","category-cuba","category-noticia","tag-partido-comunista-de-cuba","tag-pcc","tag-pleno-comite-central-pcc"],"acf":[],"_links":{"self":[{"href":"https:\/\/www.radiosanctispiritus.cu\/es\/wp-json\/wp\/v2\/posts\/29511","targetHints":{"allow":["GET"]}}],"collection":[{"href":"https:\/\/www.radiosanctispiritus.cu\/es\/wp-json\/wp\/v2\/posts"}],"about":[{"href":"https:\/\/www.radiosanctispiritus.cu\/es\/wp-json\/wp\/v2\/types\/post"}],"author":[{"embeddable":true,"href":"https:\/\/www.radiosanctispiritus.cu\/es\/wp-json\/wp\/v2\/users\/123"}],"replies":[{"embeddable":true,"href":"https:\/\/www.radiosanctispiritus.cu\/es\/wp-json\/wp\/v2\/comments?post=29511"}],"version-history":[{"count":0,"href":"https:\/\/www.radiosanctispiritus.cu\/es\/wp-json\/wp\/v2\/posts\/29511\/revisions"}],"wp:featuredmedia":[{"embeddable":true,"href":"https:\/\/www.radiosanctispiritus.cu\/es\/wp-json\/wp\/v2\/media\/29512"}],"wp:attachment":[{"href":"https:\/\/www.radiosanctispiritus.cu\/es\/wp-json\/wp\/v2\/media?parent=29511"}],"wp:term":[{"taxonomy":"category","embeddable":true,"href":"https:\/\/www.radiosanctispiritus.cu\/es\/wp-json\/wp\/v2\/categories?post=29511"},{"taxonomy":"post_tag","embeddable":true,"href":"https:\/\/www.radiosanctispiritus.cu\/es\/wp-json\/wp\/v2\/tags?post=29511"},{"taxonomy":"author","embeddable":true,"href":"https:\/\/www.radiosanctispiritus.cu\/es\/wp-json\/wp\/v2\/coauthors?post=29511"}],"curies":[{"name":"wp","href":"https:\/\/api.w.org\/{rel}","templated":true}]}}