{"id":29352,"date":"2024-06-28T18:22:02","date_gmt":"2024-06-28T22:22:02","guid":{"rendered":"https:\/\/www.radiosanctispiritus.cu\/es\/?p=29352"},"modified":"2024-06-28T18:23:45","modified_gmt":"2024-06-28T22:23:45","slug":"innovacion-y-alto-sentido-de-pertenencia-en-omnibus-nacionales","status":"publish","type":"post","link":"https:\/\/www.radiosanctispiritus.cu\/es\/innovacion-y-alto-sentido-de-pertenencia-en-omnibus-nacionales\/","title":{"rendered":"Innovaci\u00f3n y alto sentido de pertenencia en unidad espirituana de \u00d3mnibus Nacionales"},"content":{"rendered":"<p>La salida de todos los viajes programados en los \u00faltimos dos a\u00f1os y un coeficiente de disponibilidad t\u00e9cnica que ronda el 70 por ciento en medio de las limitaciones de recursos distinguen a la Unidad Empresarial de Base (UEB) \u00d3mnibus Nacionales Sancti Sp\u00edritus, entidad que en los pr\u00f3ximos d\u00edas prev\u00e9 incorporar la ruta hasta Cienfuegos, \u00fanica que permanec\u00eda sin reabrir.<\/p>\n<p>En declaraciones a la ACN, Jorge Luis Rodr\u00edguez Ojito, director de la UEB que acogi\u00f3 hoy, en esta ciudad, la celebraci\u00f3n provincial por el D\u00eda del Transportista, detall\u00f3 que, pese a la escasez de lubricantes, neum\u00e1ticos, combustible y otros insumos, ninguno de los itinerarios se ha dejado de cubrir; e, incluso, se le ha brindado ayuda a otros lugares cercanos ante sus dificultades con los carros, se\u00f1al\u00f3.<\/p>\n<p>Asegur\u00f3 que territorios como Villa Clara, Cienfuegos y Ciego de \u00c1vila han recibido el apoyo de los medios de transporte espirituanos; mientras, insisti\u00f3 en la labor de los choferes y mec\u00e1nicos, trabajadores con un alto sentido de pertenencia y quienes constantemente ponen a prueba su capacidad innovadora para mantener el estado t\u00e9cnico de los equipos.<\/p>\n<p>Al aporte de m\u00e1s de cinco millones de pesos en la \u00faltima etapa, \u00d3mnibus Nacionales Sancti Sp\u00edritus sum\u00f3 la b\u00fasqueda de alianzas con otras entidades para asegurar, por ejemplo, los lubricantes y la pr\u00f3xima reactivaci\u00f3n de los viajes -dos veces por semana- hacia la Perla del Sur.<\/p>\n<p>De acuerdo con Rodr\u00edguez Ojito, esta es la \u00fanica salida que faltaba por incorporar tras la pandemia de la COVID-19 y su recorrido por el llamado circuito sur garantiza, a su vez, el traslado de pasajeros desde Trinidad.<\/p>\n<p>Adem\u00e1s de las rutas desde esta y otras cuatro localidades espirituanas hacia La Habana, la UEB mantiene sus viajes hacia Santiago de Cuba, Guant\u00e1namo, Camag\u00fcey, Matanzas y Villa Clara, esta \u00faltima con dos frecuencias diarias.<\/p>\n<p>Uno de los principales desaf\u00edos de la entidad radica en la estabilidad de los tres medib\u00fas que en varias salidas semanales garantizan el traslado de enfermos hacia instalaciones hospitalarias de la capital cubana y de Santa Clara; es un servicio que priorizamos siempre por el impacto social que tiene, precis\u00f3 el directivo.<\/p>\n<p>Jos\u00e9 Lorenzo Garc\u00eda, al frente de la Direcci\u00f3n de Transporte de la Administraci\u00f3n Provincial del Poder Popular, puntualiz\u00f3 que esta jornada tiene una connotaci\u00f3n especial a ra\u00edz de la designaci\u00f3n del territorio como sede central por el 26 de Julio, sobre todo, porque este es uno de los sectores que muestra estabilidad, sostiene servicios vitales y estrecha v\u00ednculos con otros actores econ\u00f3micos para asumir dis\u00edmiles prestaciones.<\/p>\n<p>La transportaci\u00f3n de los pacientes que requieren hemodi\u00e1lisis, una de las labores m\u00e1s humanas que desempe\u00f1an, el traslado de los trabajadores de la Salud de otros municipios hacia instituciones hospitalarias de esta ciudad y de los estudiantes universitarios y la recogida de los profesores sobresalen hoy en el gremio.<\/p>\n<p>Tampoco ha faltado la puesta en pr\u00e1ctica de alternativas y la constante recuperaci\u00f3n de medios para incorporar veh\u00edculos como los microbuses el\u00e9ctricos que despiertan inter\u00e9s en toda Cuba y estabilizar las rutas del transporte urbano o hacia el resto de los municipios.<\/p>\n","protected":false},"excerpt":{"rendered":"<p>La salida de todos los viajes programados en los \u00faltimos dos a\u00f1os y un coeficiente de disponibilidad t\u00e9cnica que ronda el 70 por ciento en medio de las limitaciones de recursos distinguen a la Unidad Empresarial de Base \u00d3mnibus Nacionales Sancti Sp\u00edritus, entidad que en los pr\u00f3ximos d\u00edas prev\u00e9 incorporar la ruta hasta Cienfuegos, \u00fanica que permanec\u00eda sin reabrir.<\/p>\n","protected":false},"author":123,"featured_media":29326,"comment_status":"open","ping_status":"open","sticky":false,"template":"","format":"standard","meta":{"_acf_changed":false,"footnotes":""},"categories":[16,8,1],"tags":[453,144],"coauthors":[],"class_list":["post-29352","post","type-post","status-publish","format-standard","has-post-thumbnail","hentry","category-economia","category-noticia","category-sancti-spiritus","tag-omnibus-nacionales","tag-transporte"],"acf":[],"_links":{"self":[{"href":"https:\/\/www.radiosanctispiritus.cu\/es\/wp-json\/wp\/v2\/posts\/29352","targetHints":{"allow":["GET"]}}],"collection":[{"href":"https:\/\/www.radiosanctispiritus.cu\/es\/wp-json\/wp\/v2\/posts"}],"about":[{"href":"https:\/\/www.radiosanctispiritus.cu\/es\/wp-json\/wp\/v2\/types\/post"}],"author":[{"embeddable":true,"href":"https:\/\/www.radiosanctispiritus.cu\/es\/wp-json\/wp\/v2\/users\/123"}],"replies":[{"embeddable":true,"href":"https:\/\/www.radiosanctispiritus.cu\/es\/wp-json\/wp\/v2\/comments?post=29352"}],"version-history":[{"count":0,"href":"https:\/\/www.radiosanctispiritus.cu\/es\/wp-json\/wp\/v2\/posts\/29352\/revisions"}],"wp:featuredmedia":[{"embeddable":true,"href":"https:\/\/www.radiosanctispiritus.cu\/es\/wp-json\/wp\/v2\/media\/29326"}],"wp:attachment":[{"href":"https:\/\/www.radiosanctispiritus.cu\/es\/wp-json\/wp\/v2\/media?parent=29352"}],"wp:term":[{"taxonomy":"category","embeddable":true,"href":"https:\/\/www.radiosanctispiritus.cu\/es\/wp-json\/wp\/v2\/categories?post=29352"},{"taxonomy":"post_tag","embeddable":true,"href":"https:\/\/www.radiosanctispiritus.cu\/es\/wp-json\/wp\/v2\/tags?post=29352"},{"taxonomy":"author","embeddable":true,"href":"https:\/\/www.radiosanctispiritus.cu\/es\/wp-json\/wp\/v2\/coauthors?post=29352"}],"curies":[{"name":"wp","href":"https:\/\/api.w.org\/{rel}","templated":true}]}}