{"id":2880,"date":"2022-10-03T09:53:46","date_gmt":"2022-10-03T13:53:46","guid":{"rendered":"https:\/\/www.radiosanctispiritus.cu\/es\/?p=2880"},"modified":"2022-10-03T09:53:46","modified_gmt":"2022-10-03T13:53:46","slug":"onu-en-colombia-destaca-papel-de-cuba-como-garante-de-paz","status":"publish","type":"post","link":"https:\/\/www.radiosanctispiritus.cu\/es\/onu-en-colombia-destaca-papel-de-cuba-como-garante-de-paz\/","title":{"rendered":"ONU en Colombia destaca papel de Cuba como garante de paz"},"content":{"rendered":"<p>El Representante Especial del secretario general de Naciones Unidas en Colombia, Carlos Ruiz Massieu, destac\u00f3 este lunes el papel de Cuba como garante de los di\u00e1logos entre el Ej\u00e9rcito de Liberaci\u00f3n Nacional (ELN) y el Estado colombiano.<\/p>\n<p>En exclusiva con Prensa Latina, Ruiz Massieu, quien es jefe de la Misi\u00f3n de Verificaci\u00f3n del Acuerdo de Paz, al referirse a la inclusi\u00f3n de Cuba en la lista unilateral de Estados Unidos de pa\u00edses patrocinadores del terrorismo por honrar los protocolos para las negociaciones con el ELN, se\u00f1al\u00f3 que Cuba jug\u00f3 un papel muy importante en el proceso de paz.<\/p>\n<p>Adem\u00e1s, a\u00f1adi\u00f3, \u00abfue muy firme en su calidad de garante, en respetar los protocolos establecidos en este tipo de negociaciones y eso es muy importante no solamente para el proceso de Colombia\u00bb.<\/p>\n<p>Es muy relevante la posici\u00f3n de Cuba y de Noruega como garantes porque esta defensa de los protocolos crea precedentes para otros procesos de paz en el mundo, explic\u00f3 el funcionario del organismo multilateral.<\/p>\n<p>Lo importante finalmente es que s\u00ed se pueda, cuando se acuerde con diferentes grupos una mesa de negociaci\u00f3n, observar las reglas en el caso de rompimiento de negociaciones y en otros casos para los cuales se hacen esos protocolos, dijo a Prensa Latina.<\/p>\n<p>\u00abNo podemos sino destacar nuevamente el papel que Cuba ha jugado y Naciones Unidas le reconoce que ha sido uno de los pa\u00edses, junto con Noruega, probablemente los que m\u00e1s comprometidos han estado con el proceso de paz de Colombia y lo siguen estando\u00bb, expres\u00f3.<\/p>\n<p>A pocos d\u00edas del fin del mandato de Donald Trump, Cuba fue incluida en la cuestionada lista y el entonces comisionado para la paz Miguel Ceballos asegur\u00f3 que fue un espaldarazo del gobierno estadounidense al colombiano.<\/p>\n<p>Para su inclusi\u00f3n se us\u00f3 el falso argumento de la negativa del gobierno de Cuba (garante del di\u00e1logo de paz entre el ELN y el Estado colombiano) a una solicitud de Duque, quien exigi\u00f3 la extradici\u00f3n de los l\u00edderes negociadores de del ELN que estaban en La Habana luego de un atentado a una academia de polic\u00edas de Bogot\u00e1.<\/p>\n<p>El exmandatario hizo la exigencia, a pesar de conocer la existencia de protocolos dise\u00f1ados y acordados por las partes con atenci\u00f3n estricta a las disposiciones del derecho internacional para la soluci\u00f3n de conflictos armados internos, incluido el protocolo para el evento de la ruptura de las conversaciones.<\/p>\n<p>La inclusi\u00f3n en la lista supone un grupo de sanciones que, aunadas al bloqueo econ\u00f3mico, financiero y comercial, que de por s\u00ed genera graves da\u00f1os y penurias al pueblo cubano, agrava esa situaci\u00f3n.<\/p>\n<p>Entre ellas est\u00e1n la vigilancia de las exportaciones con doble objeto, las restricciones en la ayuda econ\u00f3mica, financieras, bloqueo de cr\u00e9ditos en el Banco Mundial e instituciones similares, posibilidad de prohibir a ciudadanos estadounidenses entablar relaciones financieras con esos pa\u00edses, entre otras.<\/p>\n<p>El concierto de voces para excluir a Cuba de esa arbitraria lista crece en Colombia al tiempo que la b\u00fasqueda de la paz tambi\u00e9n es un objetivo primordial.<\/p>\n<p>Hoy m\u00e1s de cien reconocidos intelectuales y acad\u00e9micos colombianos demandaron la remoci\u00f3n de Cuba de esa lista, quienes se suman a la exigencia de m\u00e1s de 80 congresistas y de cientos de mujeres, entre otros.<\/p>\n<p>Ayer, el canciller colombiano, \u00c1varo Leyva, afirm\u00f3 a un medio de prensa local que ese protocolo lo desconoci\u00f3 la anterior administraci\u00f3n contra todas las normas internacionales.<\/p>\n<p>\u00abLo estamos reviviendo, est\u00e1 el cap\u00edtulo de c\u00f3mo regresarlos, c\u00f3mo traerlos, c\u00f3mo llevarlos, c\u00f3mo reiniciar esas conversaciones dentro de un marco legal que implica la suspensi\u00f3n de la acci\u00f3n legal\u00bb, aclar\u00f3.<\/p>\n<p>\u00abUsted no puede hablar con una persona buscando la paz y a la vez solicitar su extradici\u00f3n, ser\u00eda un contrasentido y m\u00e1s bien ser\u00eda una declaratoria de guerra alterna\u00bb, asegur\u00f3 el ministro a Caracol.<\/p>\n","protected":false},"excerpt":{"rendered":"<p>El Representante Especial del secretario general de Naciones Unidas en Colombia, Carlos Ruiz Massieu, destac\u00f3 este lunes el papel de Cuba como garante de los di\u00e1logos entre el Ej\u00e9rcito de Liberaci\u00f3n Nacional (ELN) y el Estado colombiano.<\/p>\n","protected":false},"author":22,"featured_media":2881,"comment_status":"open","ping_status":"open","sticky":false,"template":"","format":"standard","meta":{"_acf_changed":false,"footnotes":""},"categories":[3,8],"tags":[413,155,361],"coauthors":[],"class_list":["post-2880","post","type-post","status-publish","format-standard","has-post-thumbnail","hentry","category-cuba","category-noticia","tag-cuba-paz","tag-cuba-colombia","tag-cuba-onu"],"acf":[],"_links":{"self":[{"href":"https:\/\/www.radiosanctispiritus.cu\/es\/wp-json\/wp\/v2\/posts\/2880","targetHints":{"allow":["GET"]}}],"collection":[{"href":"https:\/\/www.radiosanctispiritus.cu\/es\/wp-json\/wp\/v2\/posts"}],"about":[{"href":"https:\/\/www.radiosanctispiritus.cu\/es\/wp-json\/wp\/v2\/types\/post"}],"author":[{"embeddable":true,"href":"https:\/\/www.radiosanctispiritus.cu\/es\/wp-json\/wp\/v2\/users\/22"}],"replies":[{"embeddable":true,"href":"https:\/\/www.radiosanctispiritus.cu\/es\/wp-json\/wp\/v2\/comments?post=2880"}],"version-history":[{"count":0,"href":"https:\/\/www.radiosanctispiritus.cu\/es\/wp-json\/wp\/v2\/posts\/2880\/revisions"}],"wp:featuredmedia":[{"embeddable":true,"href":"https:\/\/www.radiosanctispiritus.cu\/es\/wp-json\/wp\/v2\/media\/2881"}],"wp:attachment":[{"href":"https:\/\/www.radiosanctispiritus.cu\/es\/wp-json\/wp\/v2\/media?parent=2880"}],"wp:term":[{"taxonomy":"category","embeddable":true,"href":"https:\/\/www.radiosanctispiritus.cu\/es\/wp-json\/wp\/v2\/categories?post=2880"},{"taxonomy":"post_tag","embeddable":true,"href":"https:\/\/www.radiosanctispiritus.cu\/es\/wp-json\/wp\/v2\/tags?post=2880"},{"taxonomy":"author","embeddable":true,"href":"https:\/\/www.radiosanctispiritus.cu\/es\/wp-json\/wp\/v2\/coauthors?post=2880"}],"curies":[{"name":"wp","href":"https:\/\/api.w.org\/{rel}","templated":true}]}}