{"id":28706,"date":"2024-06-18T05:31:20","date_gmt":"2024-06-18T09:31:20","guid":{"rendered":"https:\/\/www.radiosanctispiritus.cu\/es\/?p=28706"},"modified":"2024-06-18T06:11:37","modified_gmt":"2024-06-18T10:11:37","slug":"sancti-spiritus-alertan-sobre-incremento-de-enfermedades-oculares-entre-ninos-y-adolescentes-debido-al-uso-excesivo-de-dispositivos-electronicos","status":"publish","type":"post","link":"https:\/\/www.radiosanctispiritus.cu\/es\/sancti-spiritus-alertan-sobre-incremento-de-enfermedades-oculares-entre-ninos-y-adolescentes-debido-al-uso-excesivo-de-dispositivos-electronicos\/","title":{"rendered":"Se incrementan las enfermedades oculares en ni\u00f1os y adolescentes debido al uso excesivo de dispositivos electr\u00f3nicos"},"content":{"rendered":"<audio class=\"wp-audio-shortcode\" id=\"audio-28706-1\" preload=\"none\" style=\"width: 100%;\" controls=\"controls\"><source type=\"audio\/mpeg\" src=\"https:\/\/www.ivoox.com\/alertan-sobre-incremento-enfermedades-oculares-debido-al_md_130466074_wp_1.mp3?_=1\" \/><a href=\"https:\/\/www.ivoox.com\/alertan-sobre-incremento-enfermedades-oculares-debido-al_md_130466074_wp_1.mp3\" target=\"_blank\" rel=\"noopener\">https:\/\/www.ivoox.com\/alertan-sobre-incremento-enfermedades-oculares-debido-al_md_130466074_wp_1.mp3<\/a><\/audio>\n<p>El n\u00famero de ni\u00f1os y adolescentes que son atendidos con problemas visuales y defectos refractivos en las consultas de Oftalmolog\u00eda de la provincia de Sancti Sp\u00edritus se ha duplicado hoy debido al uso excesivo de dispositivos electr\u00f3nicos, especialmente de los tel\u00e9fonos celulares.<\/p>\n<p>De acuerdo con la doctora Celia Isabel Alfonso Valdivia, especialista de primer grado en Medicina General Integral y Oftalmolog\u00eda Pedi\u00e1trica, entre los riesgos se encuentra la aparici\u00f3n de trastornos como la visi\u00f3n tubular, el s\u00edndrome visual inform\u00e1tico y la miop\u00eda, considerados problemas de salud a nivel global.<\/p>\n<p>Aunque en estos grupos etarios los s\u00edntomas son temporales y tienden a desaparecer en cuanto se reduce el tiempo frente a las pantallas, Alfonso Valdivia recomienda NO fijar la vista delante de una pantalla por m\u00e1s de 2 horas consecutivas.<\/p>\n<p>Los especialistas espirituanos lideran en la actualidad varias investigaciones que pretenden calcular cu\u00e1ntos ni\u00f1os y adolescentes sufren hoy en la provincia de trastornos oculares y visuales debido al uso de los dispositivos electr\u00f3nicos.<\/p>\n","protected":false},"excerpt":{"rendered":"<p>El n\u00famero de ni\u00f1os y adolescentes que son atendidos con problemas visuales y defectos refractivos en las consultas de Oftalmolog\u00eda de la provincia de Sancti Sp\u00edritus se ha duplicado hoy debido al uso excesivo de dispositivos electr\u00f3nicos, especialmente de los tel\u00e9fonos celulares.<\/p>\n","protected":false},"author":29,"featured_media":28707,"comment_status":"open","ping_status":"open","sticky":false,"template":"","format":"standard","meta":{"_acf_changed":false,"footnotes":""},"categories":[5],"tags":[],"coauthors":[],"class_list":["post-28706","post","type-post","status-publish","format-standard","has-post-thumbnail","hentry","category-salud"],"acf":[],"_links":{"self":[{"href":"https:\/\/www.radiosanctispiritus.cu\/es\/wp-json\/wp\/v2\/posts\/28706","targetHints":{"allow":["GET"]}}],"collection":[{"href":"https:\/\/www.radiosanctispiritus.cu\/es\/wp-json\/wp\/v2\/posts"}],"about":[{"href":"https:\/\/www.radiosanctispiritus.cu\/es\/wp-json\/wp\/v2\/types\/post"}],"author":[{"embeddable":true,"href":"https:\/\/www.radiosanctispiritus.cu\/es\/wp-json\/wp\/v2\/users\/29"}],"replies":[{"embeddable":true,"href":"https:\/\/www.radiosanctispiritus.cu\/es\/wp-json\/wp\/v2\/comments?post=28706"}],"version-history":[{"count":0,"href":"https:\/\/www.radiosanctispiritus.cu\/es\/wp-json\/wp\/v2\/posts\/28706\/revisions"}],"wp:featuredmedia":[{"embeddable":true,"href":"https:\/\/www.radiosanctispiritus.cu\/es\/wp-json\/wp\/v2\/media\/28707"}],"wp:attachment":[{"href":"https:\/\/www.radiosanctispiritus.cu\/es\/wp-json\/wp\/v2\/media?parent=28706"}],"wp:term":[{"taxonomy":"category","embeddable":true,"href":"https:\/\/www.radiosanctispiritus.cu\/es\/wp-json\/wp\/v2\/categories?post=28706"},{"taxonomy":"post_tag","embeddable":true,"href":"https:\/\/www.radiosanctispiritus.cu\/es\/wp-json\/wp\/v2\/tags?post=28706"},{"taxonomy":"author","embeddable":true,"href":"https:\/\/www.radiosanctispiritus.cu\/es\/wp-json\/wp\/v2\/coauthors?post=28706"}],"curies":[{"name":"wp","href":"https:\/\/api.w.org\/{rel}","templated":true}]}}