{"id":28691,"date":"2024-06-18T05:32:05","date_gmt":"2024-06-18T09:32:05","guid":{"rendered":"https:\/\/www.radiosanctispiritus.cu\/es\/?p=28691"},"modified":"2024-06-18T21:19:06","modified_gmt":"2024-06-19T01:19:06","slug":"concibe-sancti-spiritus-abarcador-programa-para-conmemorar-dia-de-la-rebeldia-nacional","status":"publish","type":"post","link":"https:\/\/www.radiosanctispiritus.cu\/es\/concibe-sancti-spiritus-abarcador-programa-para-conmemorar-dia-de-la-rebeldia-nacional\/","title":{"rendered":"Concibe Sancti Sp\u00edritus abarcador programa para conmemorar D\u00eda de la Rebeld\u00eda Nacional"},"content":{"rendered":"<p>Fortalecer el trabajo\u00a0 en el Programa Materno Infantil y las acciones que aseguren la adecuada situaci\u00f3n higi\u00e9nico-epidemiol\u00f3gica de la provincia y disminuir las distorsiones de la econom\u00eda, as\u00ed como mejorar el servicio al pueblo sobresalen entre las tareas en que se enfrascan los espirituanos para conmemorar el aniversario 71 del asalto a los cuarteles Moncada y Carlos Manuel de C\u00e9spedes.<\/p>\n<audio class=\"wp-audio-shortcode\" id=\"audio-28691-1\" preload=\"none\" style=\"width: 100%;\" controls=\"controls\"><source type=\"audio\/mpeg\" src=\"https:\/\/www.ivoox.com\/conmemoran-dia-rebeldia-nacional_md_130482888_wp_1.mp3?_=1\" \/><a href=\"https:\/\/www.ivoox.com\/conmemoran-dia-rebeldia-nacional_md_130482888_wp_1.mp3\" target=\"_blank\" rel=\"noopener\">https:\/\/www.ivoox.com\/conmemoran-dia-rebeldia-nacional_md_130482888_wp_1.mp3<\/a><\/audio>\n<p>En reuni\u00f3n presidida por <a href=\"https:\/\/www.radiosanctispiritus.cu\/es\/sancti-spiritus-celebrara-su-26-de-julio-bajo-el-signo-del-trabajo\/\">Deivy P\u00e9rez Mart\u00edn, miembro del Comit\u00e9 Central del Partido Comunista de Cuba y su primera secretaria en Sancti Sp\u00edritus<\/a>, y el Gobernador Provincial, Alexis Lorente, directivos de los distintos sectores del territorio determinaron su cuota de participaci\u00f3n en las acciones a acometer con miras a la efem\u00e9rides, cuyo acto central nacional acontecer\u00e1 en predios yayaberos.<\/p>\n<p><img decoding=\"async\" class=\"size-medium wp-image-28695 aligncenter\" src=\"https:\/\/www.radiosanctispiritus.cu\/es\/wp-content\/uploads\/SS-26-retos-participantes-600x336.jpg\" alt=\"\" width=\"600\" height=\"336\" srcset=\"https:\/\/www.radiosanctispiritus.cu\/es\/wp-content\/uploads\/SS-26-retos-participantes-600x336.jpg 600w, https:\/\/www.radiosanctispiritus.cu\/es\/wp-content\/uploads\/SS-26-retos-participantes-768x431.jpg 768w, https:\/\/www.radiosanctispiritus.cu\/es\/wp-content\/uploads\/SS-26-retos-participantes-605x340.jpg 605w, https:\/\/www.radiosanctispiritus.cu\/es\/wp-content\/uploads\/SS-26-retos-participantes-290x163.jpg 290w, https:\/\/www.radiosanctispiritus.cu\/es\/wp-content\/uploads\/SS-26-retos-participantes-460x259.jpg 460w, https:\/\/www.radiosanctispiritus.cu\/es\/wp-content\/uploads\/SS-26-retos-participantes.jpg 1020w\" sizes=\"(max-width: 600px) 100vw, 600px\" \/><\/p>\n<p>Un total de mil 110\u00a0 acciones, de ellas 530 constructivas, casi 400\u00a0 productivas y 200 sociales, conforman el programa dise\u00f1ado, que se enfocar\u00e1 en el mejoramiento de barrios y comunidades, y en el fortalecimiento de la econom\u00eda.<\/p>\n","protected":false},"excerpt":{"rendered":"<p>Fortalecer el trabajo\u00a0 en el Programa Materno Infantil y las acciones que aseguren la adecuada situaci\u00f3n higi\u00e9nico-epidemiol\u00f3gica de la provincia y disminuir las distorsiones de la econom\u00eda, as\u00ed como mejorar el servicio al pueblo sobresalen entre las tareas en que se enfrascan los espirituanos para conmemorar el aniversario 71 del asalto a los cuarteles Moncada y Carlos Manuel de C\u00e9spedes.<\/p>\n","protected":false},"author":7,"featured_media":28692,"comment_status":"open","ping_status":"open","sticky":false,"template":"","format":"standard","meta":{"_acf_changed":false,"footnotes":""},"categories":[9,8,1],"tags":[44,38,1224],"coauthors":[],"class_list":["post-28691","post","type-post","status-publish","format-standard","has-post-thumbnail","hentry","category-en-audio","category-noticia","category-sancti-spiritus","tag-deivy-perez-martin","tag-dia-de-la-rebeldia-nacional","tag-sancti-spiritus-en-26"],"acf":[],"_links":{"self":[{"href":"https:\/\/www.radiosanctispiritus.cu\/es\/wp-json\/wp\/v2\/posts\/28691","targetHints":{"allow":["GET"]}}],"collection":[{"href":"https:\/\/www.radiosanctispiritus.cu\/es\/wp-json\/wp\/v2\/posts"}],"about":[{"href":"https:\/\/www.radiosanctispiritus.cu\/es\/wp-json\/wp\/v2\/types\/post"}],"author":[{"embeddable":true,"href":"https:\/\/www.radiosanctispiritus.cu\/es\/wp-json\/wp\/v2\/users\/7"}],"replies":[{"embeddable":true,"href":"https:\/\/www.radiosanctispiritus.cu\/es\/wp-json\/wp\/v2\/comments?post=28691"}],"version-history":[{"count":0,"href":"https:\/\/www.radiosanctispiritus.cu\/es\/wp-json\/wp\/v2\/posts\/28691\/revisions"}],"wp:featuredmedia":[{"embeddable":true,"href":"https:\/\/www.radiosanctispiritus.cu\/es\/wp-json\/wp\/v2\/media\/28692"}],"wp:attachment":[{"href":"https:\/\/www.radiosanctispiritus.cu\/es\/wp-json\/wp\/v2\/media?parent=28691"}],"wp:term":[{"taxonomy":"category","embeddable":true,"href":"https:\/\/www.radiosanctispiritus.cu\/es\/wp-json\/wp\/v2\/categories?post=28691"},{"taxonomy":"post_tag","embeddable":true,"href":"https:\/\/www.radiosanctispiritus.cu\/es\/wp-json\/wp\/v2\/tags?post=28691"},{"taxonomy":"author","embeddable":true,"href":"https:\/\/www.radiosanctispiritus.cu\/es\/wp-json\/wp\/v2\/coauthors?post=28691"}],"curies":[{"name":"wp","href":"https:\/\/api.w.org\/{rel}","templated":true}]}}