{"id":28627,"date":"2024-06-16T05:33:42","date_gmt":"2024-06-16T09:33:42","guid":{"rendered":"https:\/\/www.radiosanctispiritus.cu\/es\/?p=28627"},"modified":"2024-07-03T10:59:49","modified_gmt":"2024-07-03T14:59:49","slug":"jubilo-espirituano-por-el-26","status":"publish","type":"post","link":"https:\/\/www.radiosanctispiritus.cu\/es\/jubilo-espirituano-por-el-26\/","title":{"rendered":"J\u00fabilo espirituano por el 26"},"content":{"rendered":"<p>Aseguran que a muchos no los tomo por sorpresa. Otros muestran un tanto de asombro porque al complejo contexto no se le da la espalda. Mas, la alegr\u00eda, el compromiso y el entusiasmo por ser Sancti Sp\u00edritus sede del acto central nacional por el D\u00eda de la Rebeld\u00eda Nacional se multiplican en hogares, calles y centros de trabajo de este territorio.<\/p>\n<p>La efem\u00e9rides del 26 de Julio, celebraci\u00f3n hist\u00f3rica, se convierte en impulso para seguir construyendo a Sancti Sp\u00edritus con los pies sobre la tierra.<\/p>\n<audio class=\"wp-audio-shortcode\" id=\"audio-28627-1\" preload=\"none\" style=\"width: 100%;\" controls=\"controls\"><source type=\"audio\/mpeg\" src=\"https:\/\/www.ivoox.com\/jubilo-espirituano-26_md_130382234_wp_1.mp3?_=1\" \/><a href=\"https:\/\/www.ivoox.com\/jubilo-espirituano-26_md_130382234_wp_1.mp3\" target=\"_blank\" rel=\"noopener\">https:\/\/www.ivoox.com\/jubilo-espirituano-26_md_130382234_wp_1.mp3<\/a><\/audio>\n<p>&nbsp;<\/p>\n","protected":false},"excerpt":{"rendered":"<p>La alegr\u00eda, el compromiso y el entusiasmo por ser Sancti Sp\u00edritus sede del acto central nacional por el D\u00eda de la Rebeld\u00eda Nacional se multiplican en hogares, calles y centros de trabajo de este territorio.<\/p>\n","protected":false},"author":12,"featured_media":28572,"comment_status":"open","ping_status":"open","sticky":false,"template":"","format":"standard","meta":{"_acf_changed":false,"footnotes":""},"categories":[9,8,1],"tags":[38,1224],"coauthors":[],"class_list":["post-28627","post","type-post","status-publish","format-standard","has-post-thumbnail","hentry","category-en-audio","category-noticia","category-sancti-spiritus","tag-dia-de-la-rebeldia-nacional","tag-sancti-spiritus-en-26"],"acf":[],"_links":{"self":[{"href":"https:\/\/www.radiosanctispiritus.cu\/es\/wp-json\/wp\/v2\/posts\/28627","targetHints":{"allow":["GET"]}}],"collection":[{"href":"https:\/\/www.radiosanctispiritus.cu\/es\/wp-json\/wp\/v2\/posts"}],"about":[{"href":"https:\/\/www.radiosanctispiritus.cu\/es\/wp-json\/wp\/v2\/types\/post"}],"author":[{"embeddable":true,"href":"https:\/\/www.radiosanctispiritus.cu\/es\/wp-json\/wp\/v2\/users\/12"}],"replies":[{"embeddable":true,"href":"https:\/\/www.radiosanctispiritus.cu\/es\/wp-json\/wp\/v2\/comments?post=28627"}],"version-history":[{"count":0,"href":"https:\/\/www.radiosanctispiritus.cu\/es\/wp-json\/wp\/v2\/posts\/28627\/revisions"}],"wp:featuredmedia":[{"embeddable":true,"href":"https:\/\/www.radiosanctispiritus.cu\/es\/wp-json\/wp\/v2\/media\/28572"}],"wp:attachment":[{"href":"https:\/\/www.radiosanctispiritus.cu\/es\/wp-json\/wp\/v2\/media?parent=28627"}],"wp:term":[{"taxonomy":"category","embeddable":true,"href":"https:\/\/www.radiosanctispiritus.cu\/es\/wp-json\/wp\/v2\/categories?post=28627"},{"taxonomy":"post_tag","embeddable":true,"href":"https:\/\/www.radiosanctispiritus.cu\/es\/wp-json\/wp\/v2\/tags?post=28627"},{"taxonomy":"author","embeddable":true,"href":"https:\/\/www.radiosanctispiritus.cu\/es\/wp-json\/wp\/v2\/coauthors?post=28627"}],"curies":[{"name":"wp","href":"https:\/\/api.w.org\/{rel}","templated":true}]}}