{"id":28622,"date":"2024-06-17T05:55:47","date_gmt":"2024-06-17T09:55:47","guid":{"rendered":"https:\/\/www.radiosanctispiritus.cu\/es\/?p=28622"},"modified":"2024-07-03T10:59:49","modified_gmt":"2024-07-03T14:59:49","slug":"sancti-spiritus-celebrara-su-26-de-julio-bajo-el-signo-del-trabajo","status":"publish","type":"post","link":"https:\/\/www.radiosanctispiritus.cu\/es\/sancti-spiritus-celebrara-su-26-de-julio-bajo-el-signo-del-trabajo\/","title":{"rendered":"\u201cCelebraremos el 26 con trabajo\u201d"},"content":{"rendered":"<audio class=\"wp-audio-shortcode\" id=\"audio-28622-1\" preload=\"none\" style=\"width: 100%;\" controls=\"controls\"><source type=\"audio\/mpeg\" src=\"https:\/\/www.ivoox.com\/sancti-spiritus-celebrara-su-26-julio-bajo_md_130382194_wp_1.mp3?_=1\" \/><a href=\"https:\/\/www.ivoox.com\/sancti-spiritus-celebrara-su-26-julio-bajo_md_130382194_wp_1.mp3\" target=\"_blank\" rel=\"noopener\">https:\/\/www.ivoox.com\/sancti-spiritus-celebrara-su-26-julio-bajo_md_130382194_wp_1.mp3<\/a><\/audio>\n<p>En Sancti Spiritus a\u00fan pervive el impacto por la noticia de la designaci\u00f3n de Sancti Spiritus como sede del Acto nacional por el aniversario 71 de los asaltos a los cuarteles Moncada y Carlos Manuel de C\u00e9spedes<\/p>\n<p>Horas despu\u00e9s las agendas comienzan a atemperarse al tono y al ritmo del 26. As\u00ed lo refiere la miembro del Comit\u00e9 Central del Partido y primera secretaria de la organizaci\u00f3n en Sancti Spiritus, \u00a0Deivy P\u00e9rez Martin.<\/p>\n<p>\u201cEs un est\u00edmulo y reconocimiento al trabajo en un a\u00f1o tan complejo que no solo mide los resultados del 2024, sino tambi\u00e9n los del 2023 y los espirituanos lo recibimos con compromiso y con gratitud por la confianza que han depositado en nosotros y la convicci\u00f3n de que ese entusiasmo y esa laboriosidad que nos caracteriza lo vamos a tener presente en esta conmemoraci\u00f3n, en este homenaje a la historia\u201d<\/p>\n<p>La primera secretaria del Partido en la provincia elogi\u00f3 las muestras de cari\u00f1o llegadas de todas partes \u201cHemos recibido muchas muestras de felicitaci\u00f3n, de reconocimiento, de apoyo a la decisi\u00f3n del \u00a0Bur\u00f3 Pol\u00edtico y eso lo agradecemos. No solo fue la nota informativa del acuerdo de ese \u00f3rgano. El haber le\u00eddo el tweet que hizo nuestro primer secretario y presidente de la Rep\u00fablica Miguel D\u00edaz-Canel Berm\u00fadez, la publicaci\u00f3n del miembro del Bur\u00f3 Pol\u00edtico y secretario de Organizaci\u00f3n Roberto Morales Ojeda en las redes sociales, dicen mucho de esa apreciaci\u00f3n que desde la direcci\u00f3n del pa\u00eds se tuvo sobre el trabajo y el resultado de la provincia en tiempos tan complejos,\u00a0 estamos conscientes de que es el reconocimiento a ese esfuerzo y creatividad de todos los d\u00edas, pero a esa resistencia tratando de buscar soluciones, alternativas, de seguir avanzando, de mantenernos firmes, unidos, siempre con ese vigor y esa unidad que caracteriza a los espirituanos\u201d.<\/p>\n<p>\u201cLos estados de opini\u00f3n son muy positivos, nos han llegado de todos los centros de monitoreo de la provincia y el pueblo lo reconoce, est\u00e1 contento. Han sido muchas las llamadas recibidas, aunque no todas las hemos podido contestar, \u00a0desde los que forman la direcci\u00f3n del Partido, desde el Secretariado del Comit\u00e9 Central, desde el Bur\u00f3 Pol\u00edtico, la direcci\u00f3n del gobierno, del estado, de la Asamblea Nacional del Poder Popular, \u00a0de los ministerios, de compa\u00f1eros de la direcci\u00f3n del partido, \u00a0del gobierno \u00a0y de entidades de todas las provincias. Tambi\u00e9n nos han llamado espirituanos hijos de esta tierra, unos que hace a\u00f1os viven fuera del territorio, pero que sienten el orgullo y esa identidad y ra\u00edz yayaber, otros que cumplen tareas fuera de la provincia y todos nos felicitan, sienten suyo este reconocimiento, muchos se han expresado por las redes sociales y por diferentes v\u00edas, incluso muchos que est\u00e1n en diferentes lugares del mundo y mantienen esa identidad y ese sentimiento hacia nuestra tierra, nos han ratificado que ha sido una bien merecida sede y eso nos hace m\u00e1s grandes y nos dice que esto no es solo de Sancti Spiritus\u201d.<\/p>\n<p><strong>SANCTI SPIRITUS EN MARCHA, UN MOVIMIENTO PARA COMPULSAR<\/strong><\/p>\n<p>Deivy P\u00e9rez Martin detall\u00f3 el aporte de cada uno de los sectores del territorio bajo el impulso del sistema de trabajo \u201cSancti Spiritus en Marcha\u201d.<\/p>\n<p>\u201cEs el sistema de trabajo que hemos denominado \u201cSancti Sp\u00edritus en marcha\u201d y de ese movimiento pol\u00edtico hemos definido las prioridades a partir de su fortaleza de la provincia, de las potencialidades, de las debilidades que est\u00e1n bien identificadas y sobre todo c\u00f3mo movilizar el esp\u00edritu de los espirituanos a que participen desde diferentes escenarios y que todos tengan la oportunidad\u00a0 de aportar, creo que la convicci\u00f3n del S\u00cd SE PUEDE es lo que nos ha llevado a este resultado\u201d.<\/p>\n<p>&nbsp;<\/p>\n<p>\u201cTodo ha estado marcado por la unidad, articulado con ese movimiento a partir del cual la creatividad y\u00a0 el v\u00ednculo con la ciencia y la innovaci\u00f3n han impactado en todos los indicadores, ha\u00a0 transversalizado los resultados, nos ha puesto una distinci\u00f3n a nivel de pa\u00eds y ha mostrado c\u00f3mo bajo la direcci\u00f3n del partido y el gobierno en esa gesti\u00f3n con m\u00e1s ciencia y esa articulaci\u00f3n con nuestras universidades y centros de ciencia, nos llev\u00f3 tambi\u00e9n a estos saldos\u201d.<\/p>\n<p>Destac\u00f3 al pueblo como el real protagonista del movimiento: \u201cLo m\u00e1s importante es que hemos logrado darle la participaci\u00f3n a nuestros trabajadores, colectivos, al pueblo en general porque todo ha sido en funci\u00f3n de \u00e9l y con \u00e9l. Eso consolid\u00f3 la unidad del pueblo, ratific\u00f3 esa confianza y ese apoyo incondicional que ha dado este al Partido y al Gobierno en un escenario extremadamente complejo\u201d.<\/p>\n<p>Y recalc\u00f3 un concepto esencial. \u201cNo estamos satisfechos a\u00fan con los resultados. No pensemos que el haber sido sede quiere decir que aqu\u00ed est\u00e1 todo resuelto y lo dec\u00eda as\u00ed la nota del Bur\u00f3 Pol\u00edtico, el primer secretario en su tuit. En Sancti Sp\u00edritus quedan muchas cosas que resolver y la primera insatisfecha con lo que nos queda por hacer soy yo, pero tengo la convicci\u00f3n y la firmeza de que hemos ido caminando a donde est\u00e1 la prioridad y de que seguiremos avanzando por ir busc\u00e1ndole soluci\u00f3n a todos los problemas y que no solo lo va a hacer el partido y el gobierno. Tenemos la responsabilidad y el compromiso de hacerlo, de conducirlo, pero se suman tambi\u00e9n nuestros cuadros que jugaron un papel decisivo en la conducci\u00f3n de los colectivos y del pueblo hacia las metas logradas. La batalla es larga y dura pero unidos lo vamos a lograr para transformar esas insatisfacciones y \u00a0problemas que nos quedan\u201d<\/p>\n<p><strong>PRODUCCI\u00d3N DE ALIMENTOS, LA PRIORIDAD.<\/strong><\/p>\n<p>Expuso que la producci\u00f3n de alimentos ha tenido el foco de la prioridad: \u201cHa sido una prioridad el cumplimiento de las campa\u00f1as de siembra, la atenci\u00f3n a los cultivos y a las producciones priorizadas, la exigencia hacia la contrataci\u00f3n, \u00a0en garantizar el cierre de los ciclos productivos a\u00fan cuando hemos tenido carencias de combustible, de fertilizantes, de materia prima y de piezas de repuesto, pero siempre buscando d\u00f3nde podemos hacer m\u00e1s, d\u00f3nde est\u00e1 mejor la semilla, qu\u00e9 logramos hacer con una yunta de buey, con un buen laboreo, c\u00f3mo, apoyando con jornadas de trabajo voluntario, podemos impulsar el cumplimiento de esas producciones que son las que van a la mesa del espirituano, al consumo social, \u00a0a garantizar sectores priorizados dentro de la provincia y el pa\u00eds y que son parte tambi\u00e9n de ese tributo a la econom\u00eda por ser nuestra base econ\u00f3mica, se ha trabajado en la recuperaci\u00f3n ganadera\u201d.<\/p>\n<p>La producci\u00f3n ca\u00f1ero-azucarera ha estado tambi\u00e9n en la mira de las prioridades.\u201dA mi modo de ver este ha sido el sector m\u00e1s deprimido en esta etapa, teniendo en cuenta que ha sido de los m\u00e1s impactados, no obstante hemos logrado hacer m\u00e1s de 15.000 toneladas de az\u00facar y seguimos batallando por hacer m\u00e1s, se ha logrado producir de los derivados, un nivel de alcohol, \u00a0se logr\u00f3 la atenci\u00f3n cultural a la ca\u00f1a y estamos empe\u00f1ados en sembrar todo lo que podamos\u201d.<\/p>\n<p>Al aporte de otros renglones de la macroeconom\u00eda, tambi\u00e9n se refiri\u00f3 la primera secretaria del Partido en la provincia: \u201cHan sido muy importantes los indicadores econ\u00f3micos, se ha trabajado en la sustituci\u00f3n de las importaciones y las exportaciones, fuimos estrictos celadores de indicadores, no solo en lo num\u00e9rico, sino en c\u00f3mo se respalda en producciones f\u00edsicas, en calidad de servicio, en c\u00f3mo lograr que nuestras empresas estatales jueguen un mejor papel y que todas, articuladas con el sector no estatal, como actores econ\u00f3micos que son las dos , logremos ir dando respuesta y buscando soluciones\u201d.<\/p>\n<p>El proceso inversionista y su impacto en varias \u00e1reas de la econom\u00eda y los servicios result\u00f3 uno de los indicadores que respaldaron la designaci\u00f3n de la sede.<\/p>\n<p>\u201cAun cuando no logramos cumplir con todas las inversiones, s\u00ed se avanz\u00f3 en varias relacionadas con el\u00a0 turismo donde concluimos la recuperaci\u00f3n de la red hotelera y se puso en marcha un hotel cinco estrellas\u00a0 que nos da la posibilidad de distinguirnos con un turismo diferente en Trinidad, \u00a0en el sector de la salud con todo lo que se hace en la sala polivalente hacia la terapia intensiva en el Hospital Provincial, en la sala de cirug\u00eda del Hospital Pedi\u00e1trico, en las salas del hospital psiqui\u00e1trico del territorio, en los recursos hidr\u00e1ulicos, en la agricultura, o sea, \u00a0se trata de un conjunto de inversiones que las hemos destinado, con los recursos que hemos tenido y el presupuesto con el que hemos contado, hacia esos lugares para dar un mejor servicio al pueblo, dar calidad de vida y que todo tenga un impacto en la econom\u00eda. Hay otras cuestiones que hoy las hemos tenido que pasar a un segundo momento sin que queden olvidadas para ir dando el golpe donde realmente lo lleva\u201d.<\/p>\n<p><strong>LO SOCIAL TAMBIEN CUENTA<\/strong><\/p>\n<p>El aporte del sector social, con la salud al frente, fue decisivo tambi\u00e9n en el otorgamiento de la sede, al decir de Deivy P\u00e9rez Martin<\/p>\n<p>\u201cUn esfuerzo muy grande nos llev\u00f3 a que el sector de la salud llegara a este momento con una tasa de mortalidad infantil de 2,8 por cada mil nacido vivos, una tasa de primer mundo y ese es el esfuerzo de nuestros m\u00e9dicos, enfermeras , de la atenci\u00f3n primaria y secundaria, de los hospitales, especialistas, de la propia familia, que se ha educado y ha ido ganando una cultura general de esa inter sectorialidad para atender este programa y de igual manera otros del sector , a\u00fan cuando tenemos todas las carencias de medios diagn\u00f3sticos, \u00a0de medicamentos, de recursos humanos, pero los que tenemos se han empe\u00f1ado en seguir apostando por la calidad de vida.\u201d<\/p>\n<p>De acuerdo con la primera secretaria del Partido en la provincia otros sectores tambi\u00e9n se distinguieron como la educaci\u00f3n, un puntal\u00a0 con indicadores de calidad del proceso docente educativo distinguidos en el pa\u00eds, la prestaci\u00f3n de los servicios y la incorporaci\u00f3n de nuevos, a\u00fan cuando est\u00e1n por debajo de lo esperado\u00b7<\/p>\n<p>\u201cHay que destacar el trabajo en las comunidades en las que se prioriz\u00f3 mucho el trabajo social, en aras de atender a todas las familias que de una forma u otra tienen determinadas caracter\u00edsticas y han requerido de la atenci\u00f3n y el acompa\u00f1amiento del estado, del gobierno, de las organizaciones con un respaldo hacia la asistencia social.\u201d<\/p>\n<p><strong>LOS PRECIOS EN EL CENTRO DE LAS INSATISFACCIONES.<\/strong><\/p>\n<p>Dentro de las insatisfacciones, mencion\u00f3 a los precios y su impacto negativo en la poblaci\u00f3n. \u201cEste tema es de los que m\u00e1s agobian al pueblo, hoy el apag\u00f3n, irrita, es inc\u00f3modo y nos afecta la actividad laboral, la vida en el hogar, los servicios,\u00a0 pero lo de los precios agrava a\u00fan m\u00e1s la situaci\u00f3n compleja que estamos viviendo y se expresa en la insatisfacci\u00f3n de los espirituanos y en la nuestra. \u00a0Estamos trabajando, primero en ordenar la comercializaci\u00f3n porque no es solo los altos precios de los productos de la agricultura. \u00a0Aqu\u00ed est\u00e1n altos todos los precios y obedece primero a la manera que se gesta la econom\u00eda cubana, la cantidad de actores que compartimos este escenario y la forma en que sustentan esta actividad y en segundo lugar porque el destino final de las producciones que vienen del campo tenemos que seguirlas ordenando.\u201d<\/p>\n<p>\u201c Tenemos que avanzar con rapidez y paso firme en el reordenamiento de los precios, hay que hacer cumplir los que hoy se topan por los comit\u00e9s de concertaci\u00f3n y lo otro es la \u00a0exigencia y el control. Hay que regularlos, no puede ser a la espontaneidad. Apreciamos que en las \u00faltimas semanas hemos ido avanzando, adoptando un grupo de medidas desde la direcci\u00f3n que le corresponde ejercer al\u00a0 gobierno, articulado con un grupo de instituciones, estamos ordenando la red de comercio de la agricultura, hay muchos puntos de venta: est\u00e1n los MAE (mercados agropecuarios estatales), los puntos de los cuenta propia aprobados para esta actividad, pero est\u00e1n los puntos llamados de la agricultura urbana y no est\u00e1n ordenados del todo y en no todos la producci\u00f3n viene directamente del campo, en el medio, hay un eslab\u00f3n, los intermediarios que son quienes encarecen los precios y eso tenemos que acabar de ordenarlo.\u201d<\/p>\n<p>Tambi\u00e9n se refiri\u00f3 a las acciones que desde el \u00a0gobierno se realizan desde el enfrentamiento para ordenar un grupo de actividades que hacen los TCP (trabajadores por cuenta propia) individuales y otros que son articulados de conjunto con el Estado<\/p>\n<p>\u201cEstamos en la batalla por la ficha de costo, \u00bfcu\u00e1nto cuesta esto? \u00bfCu\u00e1nto cuesta lo otro? \u00bfCu\u00e1l es el precio final del producto? Y en los pr\u00f3ximos d\u00edas vamos a dar respuestas, aunque no ser\u00e1 todo de golpe y porrazo. A esto se le suma, un grupo de trabajo que desde el gobierno provincial se hab\u00eda creado para el enfrentamiento a las violaciones cuando no hay una actuaci\u00f3n y una respuesta \u00a0consciente y se le a\u00f1aden las directivas del Primer Ministro para ordenar la comercializaci\u00f3n. El pa\u00eds est\u00e1 atravesando un proceso inflacionario muy grande y todo esto es expresi\u00f3n de ello. En lo que nos toca a los espirituanos, entre todos tenemos que seguir ordenando las ventas, el destino final de las producciones, sus\u00a0 or\u00edgenes y c\u00f3mo llega al mostrador, al usuario, es de las batallas y de las prioridades que seguimos teniendo la sobre la mesa de an\u00e1lisis y el combate diario.\u201d<\/p>\n<p><strong>EL 26 SE CELEBRAR\u00c1 CON TRABAJO.<\/strong><\/p>\n<p>Las agendas de Sancti Spiritus, ajustan su orden del d\u00eda y se atemperan al 26, que al decir de Deivy P\u00e9rez Martin, tendr\u00e1 el signo del trabajo<\/p>\n<p>\u201cEl mejor homenaje a nuestros h\u00e9roes y m\u00e1rtires, el que le podemos hacer al l\u00edder de la Revoluci\u00f3n Cubana, la mejor manera de ser consecuente con las ense\u00f1anzas del General de Ej\u00e9rcito Ra\u00fal Castro, con el acompa\u00f1amiento a nuestro primer secretario y presidente del Comit\u00e9 Central del Partido y Presidente de la Rep\u00fablica Miguel D\u00edaz -Canel Berm\u00fadez es trabajar, \u00a0porque solo as\u00ed podremos\u00a0 seguir avanzando y obtener los resultados que necesitamos para que se conviertan en bienestar para el pueblo cubano y sobre todo para los espirituanos. Sancti Spiritus no solo ha trabajado pensando en esta provincia, sino pensando en Cuba y actuando como pa\u00eds.\u201d<\/p>\n<p>\u201cEn un escenario tan complejo hoy no tenemos todos los recursos para decir: vamos a dedicarnos 15 d\u00edas a hacer fiesta. La \u00a0principal fiesta tiene que ser la del trabajo, que es lo que exigen los momentos actuales. Ten\u00edamos concebido un grupo de actividades en homenaje al 26 de julio que implicaban actividades en lo econ\u00f3mico, en lo social, en lo productivo, actividades culturales, festivas, sobre todo buscando el acercamiento al barrio porque es en medio del escenario del verano y que siempre en nuestro pa\u00eds el periodo vacacional le damos un peso bien grande al verano y a la recreaci\u00f3n, pero las limitaciones son muchas y trataremos de combinar el trabajo con la alegr\u00eda, con el entusiasmo y con la recreaci\u00f3n.\u201d<\/p>\n<p>Como prioridades de esa combinaci\u00f3n recalc\u00f3 la producci\u00f3n de alimentos: \u201cHay que aprovechar esta primavera y sembrar cuanta comida y ca\u00f1a podamos, dar atenciones\u00a0 culturales y combinarlo con movilizaciones del pueblo a esas labores, incrementar la jornadas productivas, avanzar en la atenci\u00f3n a los programas sociales sobre todo los dirigidos a las familias desde el barrio en los programas de reanimaci\u00f3n aprobados, haremos labores de mantenimiento, avanzaremos en el proceso inversionista \u00a0y hemos evaluado c\u00f3mo asfaltar y mejorar algunas calles en la ciudad y viales en las comunidades, obras que se quedaron pendientes de los 510 aniversarios de Trinidad y Sancti Spiritus, se trabajar\u00e1 en el proceso \u00a0inversionista de recursos hidr\u00e1ulicos, en el cambio de las bombas, \u00a0de matriz energ\u00e9tica y de lo que hace con los pozos a ver si podemos aliviarle el problema del abasto de agua a la poblaci\u00f3n y eso se combinar\u00e1 con actividades deportivas y culturales en las comunidades aprovechando proyectos \u00a0a partir del talento \u00a0de cada localidad\u201d<\/p>\n<p>La primera secretaria del Partido en la provincia refiri\u00f3 adem\u00e1s que en el entorno de la fecha, las celebraciones incluir\u00e1n actos pol\u00edticos en todos los territorios, la Gran Gala pol\u00edtica cultural y el acto central que tendr\u00e1 lugar en la plaza de la Revoluci\u00f3n Seraf\u00edn S\u00e1nchez.<\/p>\n<p>\u201cEsta sede nos resalta a\u00fan m\u00e1s uno de los valores y cualidades que m\u00e1s distingue a los espirituanos: la laboriosidad, la entrega, ese paso del pueblo que estamos seguros nos seguir\u00e1 apoyando.\u201d<\/p>\n<p>\u201cSi el a\u00f1o pasado fuimos destacados, el antepasado estuvimos en la mesa de valoraci\u00f3n y este somos sede, este esp\u00edritu de trabajo nos tiene que llevar hacia el futuro, a seguir avanzando y que siempre seamos dignos \u00a0herederos de esta historia patria, que nos ha legado este 26 de julio a los espirituanos\u201d.<\/p>\n<p><img decoding=\"async\" class=\"alignnone size-medium wp-image-28559\" src=\"https:\/\/www.radiosanctispiritus.cu\/es\/wp-content\/uploads\/SS-26-Acto-Deivy-600x336.jpg\" alt=\"\" width=\"600\" height=\"336\" srcset=\"https:\/\/www.radiosanctispiritus.cu\/es\/wp-content\/uploads\/SS-26-Acto-Deivy-600x336.jpg 600w, https:\/\/www.radiosanctispiritus.cu\/es\/wp-content\/uploads\/SS-26-Acto-Deivy-768x431.jpg 768w, https:\/\/www.radiosanctispiritus.cu\/es\/wp-content\/uploads\/SS-26-Acto-Deivy-605x340.jpg 605w, https:\/\/www.radiosanctispiritus.cu\/es\/wp-content\/uploads\/SS-26-Acto-Deivy-290x163.jpg 290w, https:\/\/www.radiosanctispiritus.cu\/es\/wp-content\/uploads\/SS-26-Acto-Deivy-460x259.jpg 460w, https:\/\/www.radiosanctispiritus.cu\/es\/wp-content\/uploads\/SS-26-Acto-Deivy.jpg 1020w\" sizes=\"(max-width: 600px) 100vw, 600px\" \/><\/p>\n<p>&nbsp;<\/p>\n","protected":false},"excerpt":{"rendered":"<p>En Sancti Spiritus,  horas despu\u00e9s del impacto por la noticia de la designaci\u00f3n como sede del Acto nacional por el 26 de Julio,  las agendas comienzan a atemperarse al tono y al ritmo del 26.<\/p>\n","protected":false},"author":14,"featured_media":28624,"comment_status":"open","ping_status":"open","sticky":false,"template":"","format":"standard","meta":{"_acf_changed":false,"footnotes":""},"categories":[9,1],"tags":[44,38,1224],"coauthors":[],"class_list":["post-28622","post","type-post","status-publish","format-standard","has-post-thumbnail","hentry","category-en-audio","category-sancti-spiritus","tag-deivy-perez-martin","tag-dia-de-la-rebeldia-nacional","tag-sancti-spiritus-en-26"],"acf":[],"_links":{"self":[{"href":"https:\/\/www.radiosanctispiritus.cu\/es\/wp-json\/wp\/v2\/posts\/28622","targetHints":{"allow":["GET"]}}],"collection":[{"href":"https:\/\/www.radiosanctispiritus.cu\/es\/wp-json\/wp\/v2\/posts"}],"about":[{"href":"https:\/\/www.radiosanctispiritus.cu\/es\/wp-json\/wp\/v2\/types\/post"}],"author":[{"embeddable":true,"href":"https:\/\/www.radiosanctispiritus.cu\/es\/wp-json\/wp\/v2\/users\/14"}],"replies":[{"embeddable":true,"href":"https:\/\/www.radiosanctispiritus.cu\/es\/wp-json\/wp\/v2\/comments?post=28622"}],"version-history":[{"count":0,"href":"https:\/\/www.radiosanctispiritus.cu\/es\/wp-json\/wp\/v2\/posts\/28622\/revisions"}],"wp:featuredmedia":[{"embeddable":true,"href":"https:\/\/www.radiosanctispiritus.cu\/es\/wp-json\/wp\/v2\/media\/28624"}],"wp:attachment":[{"href":"https:\/\/www.radiosanctispiritus.cu\/es\/wp-json\/wp\/v2\/media?parent=28622"}],"wp:term":[{"taxonomy":"category","embeddable":true,"href":"https:\/\/www.radiosanctispiritus.cu\/es\/wp-json\/wp\/v2\/categories?post=28622"},{"taxonomy":"post_tag","embeddable":true,"href":"https:\/\/www.radiosanctispiritus.cu\/es\/wp-json\/wp\/v2\/tags?post=28622"},{"taxonomy":"author","embeddable":true,"href":"https:\/\/www.radiosanctispiritus.cu\/es\/wp-json\/wp\/v2\/coauthors?post=28622"}],"curies":[{"name":"wp","href":"https:\/\/api.w.org\/{rel}","templated":true}]}}