{"id":28519,"date":"2024-06-15T06:17:47","date_gmt":"2024-06-15T10:17:47","guid":{"rendered":"https:\/\/www.radiosanctispiritus.cu\/es\/?p=28519"},"modified":"2024-06-14T22:03:44","modified_gmt":"2024-06-15T02:03:44","slug":"apoyan-gastronomicos-espirituanos-celebracion-del-dia-de-los-padres","status":"publish","type":"post","link":"https:\/\/www.radiosanctispiritus.cu\/es\/apoyan-gastronomicos-espirituanos-celebracion-del-dia-de-los-padres\/","title":{"rendered":"Apoyan gastron\u00f3micos espirituanos celebraci\u00f3n del D\u00eda de los Padres"},"content":{"rendered":"<p>Los trabajadores del sector gastron\u00f3mico en la provincia de Sancti Sp\u00edritus alistan condiciones para respaldar este domingo la celebraci\u00f3n del D\u00eda de los Padres con diferentes ofertas, a las que se podr\u00e1 acceder por reservaci\u00f3n o mediante la adquisici\u00f3n de renglones para llevar.<\/p>\n<audio class=\"wp-audio-shortcode\" id=\"audio-28519-1\" preload=\"none\" style=\"width: 100%;\" controls=\"controls\"><source type=\"audio\/mpeg\" src=\"https:\/\/www.ivoox.com\/apoyan-gastronomicos-espirituanos-celebracion-del-dia-los_md_130354181_wp_1.mp3?_=1\" \/><a href=\"https:\/\/www.ivoox.com\/apoyan-gastronomicos-espirituanos-celebracion-del-dia-los_md_130354181_wp_1.mp3\" target=\"_blank\" rel=\"noopener\">https:\/\/www.ivoox.com\/apoyan-gastronomicos-espirituanos-celebracion-del-dia-los_md_130354181_wp_1.mp3<\/a><\/audio>\n<p>&nbsp;<\/p>\n","protected":false},"excerpt":{"rendered":"<p>Los trabajadores del sector gastron\u00f3mico en la provincia de Sancti Sp\u00edritus alistan condiciones para respaldar este domingo la celebraci\u00f3n del D\u00eda de los Padres con diferentes ofertas, a las que se podr\u00e1 acceder por reservaci\u00f3n o mediante la adquisici\u00f3n de renglones para llevar.<\/p>\n","protected":false},"author":18,"featured_media":28520,"comment_status":"open","ping_status":"open","sticky":false,"template":"","format":"standard","meta":{"_acf_changed":false,"footnotes":""},"categories":[9,1],"tags":[1222,1191],"coauthors":[],"class_list":["post-28519","post","type-post","status-publish","format-standard","has-post-thumbnail","hentry","category-en-audio","category-sancti-spiritus","tag-dia-de-los-padres","tag-gastronomia"],"acf":[],"_links":{"self":[{"href":"https:\/\/www.radiosanctispiritus.cu\/es\/wp-json\/wp\/v2\/posts\/28519","targetHints":{"allow":["GET"]}}],"collection":[{"href":"https:\/\/www.radiosanctispiritus.cu\/es\/wp-json\/wp\/v2\/posts"}],"about":[{"href":"https:\/\/www.radiosanctispiritus.cu\/es\/wp-json\/wp\/v2\/types\/post"}],"author":[{"embeddable":true,"href":"https:\/\/www.radiosanctispiritus.cu\/es\/wp-json\/wp\/v2\/users\/18"}],"replies":[{"embeddable":true,"href":"https:\/\/www.radiosanctispiritus.cu\/es\/wp-json\/wp\/v2\/comments?post=28519"}],"version-history":[{"count":0,"href":"https:\/\/www.radiosanctispiritus.cu\/es\/wp-json\/wp\/v2\/posts\/28519\/revisions"}],"wp:featuredmedia":[{"embeddable":true,"href":"https:\/\/www.radiosanctispiritus.cu\/es\/wp-json\/wp\/v2\/media\/28520"}],"wp:attachment":[{"href":"https:\/\/www.radiosanctispiritus.cu\/es\/wp-json\/wp\/v2\/media?parent=28519"}],"wp:term":[{"taxonomy":"category","embeddable":true,"href":"https:\/\/www.radiosanctispiritus.cu\/es\/wp-json\/wp\/v2\/categories?post=28519"},{"taxonomy":"post_tag","embeddable":true,"href":"https:\/\/www.radiosanctispiritus.cu\/es\/wp-json\/wp\/v2\/tags?post=28519"},{"taxonomy":"author","embeddable":true,"href":"https:\/\/www.radiosanctispiritus.cu\/es\/wp-json\/wp\/v2\/coauthors?post=28519"}],"curies":[{"name":"wp","href":"https:\/\/api.w.org\/{rel}","templated":true}]}}