{"id":28375,"date":"2024-06-12T18:13:16","date_gmt":"2024-06-12T22:13:16","guid":{"rendered":"https:\/\/www.radiosanctispiritus.cu\/es\/?p=28375"},"modified":"2024-06-12T18:14:12","modified_gmt":"2024-06-12T22:14:12","slug":"egresan-nuevos-profesores-para-la-ensenanza-tecnico-profesional-en-sancti-spiritus","status":"publish","type":"post","link":"https:\/\/www.radiosanctispiritus.cu\/es\/egresan-nuevos-profesores-para-la-ensenanza-tecnico-profesional-en-sancti-spiritus\/","title":{"rendered":"Egresan nuevos profesores para la ense\u00f1anza t\u00e9cnico profesional en Sancti Sp\u00edritus"},"content":{"rendered":"<p>Un total de 41 estudiantes de la ense\u00f1anza t\u00e9cnico profesional en la provincia espirituana realizan sus ejercicios de culminaci\u00f3n de estudios en la formaci\u00f3n pedag\u00f3gica.<\/p>\n<p>Los futuros profesores de la ETP formados en el Instituto Polit\u00e9cnico Armando de la Rosa, de Sancti Sp\u00edritus, muestran sus mejores pr\u00e1cticas en instituciones educativas de ese nivel, donde han complementado su preparaci\u00f3n, al decir de Maikel Enrique Navarro, jefe del departamento de este nivel de ense\u00f1anza en la Direcci\u00f3n General de Educaci\u00f3n.<\/p>\n<audio class=\"wp-audio-shortcode\" id=\"audio-28375-1\" preload=\"none\" style=\"width: 100%;\" controls=\"controls\"><source type=\"audio\/mpeg\" src=\"https:\/\/www.ivoox.com\/egresan-nuevos-profesores-para-ensenanza-tecnico-profesional_md_130273224_wp_1.mp3?_=1\" \/><a href=\"https:\/\/www.ivoox.com\/egresan-nuevos-profesores-para-ensenanza-tecnico-profesional_md_130273224_wp_1.mp3\" target=\"_blank\" rel=\"noopener\">https:\/\/www.ivoox.com\/egresan-nuevos-profesores-para-ensenanza-tecnico-profesional_md_130273224_wp_1.mp3<\/a><\/audio>\n<p>&nbsp;<\/p>\n","protected":false},"excerpt":{"rendered":"<p>Un total de 41 estudiantes de la ense\u00f1anza t\u00e9cnico profesional en la provincia espirituana realizan sus ejercicios de culminaci\u00f3n de estudios en la formaci\u00f3n pedag\u00f3gica.<\/p>\n","protected":false},"author":8,"featured_media":28377,"comment_status":"open","ping_status":"open","sticky":false,"template":"","format":"standard","meta":{"_acf_changed":false,"footnotes":""},"categories":[14,9,8,1],"tags":[29,1216,1217],"coauthors":[],"class_list":["post-28375","post","type-post","status-publish","format-standard","has-post-thumbnail","hentry","category-educacion","category-en-audio","category-noticia","category-sancti-spiritus","tag-educacion","tag-ensenanza-tecnico-profesional","tag-etp"],"acf":[],"_links":{"self":[{"href":"https:\/\/www.radiosanctispiritus.cu\/es\/wp-json\/wp\/v2\/posts\/28375","targetHints":{"allow":["GET"]}}],"collection":[{"href":"https:\/\/www.radiosanctispiritus.cu\/es\/wp-json\/wp\/v2\/posts"}],"about":[{"href":"https:\/\/www.radiosanctispiritus.cu\/es\/wp-json\/wp\/v2\/types\/post"}],"author":[{"embeddable":true,"href":"https:\/\/www.radiosanctispiritus.cu\/es\/wp-json\/wp\/v2\/users\/8"}],"replies":[{"embeddable":true,"href":"https:\/\/www.radiosanctispiritus.cu\/es\/wp-json\/wp\/v2\/comments?post=28375"}],"version-history":[{"count":0,"href":"https:\/\/www.radiosanctispiritus.cu\/es\/wp-json\/wp\/v2\/posts\/28375\/revisions"}],"wp:featuredmedia":[{"embeddable":true,"href":"https:\/\/www.radiosanctispiritus.cu\/es\/wp-json\/wp\/v2\/media\/28377"}],"wp:attachment":[{"href":"https:\/\/www.radiosanctispiritus.cu\/es\/wp-json\/wp\/v2\/media?parent=28375"}],"wp:term":[{"taxonomy":"category","embeddable":true,"href":"https:\/\/www.radiosanctispiritus.cu\/es\/wp-json\/wp\/v2\/categories?post=28375"},{"taxonomy":"post_tag","embeddable":true,"href":"https:\/\/www.radiosanctispiritus.cu\/es\/wp-json\/wp\/v2\/tags?post=28375"},{"taxonomy":"author","embeddable":true,"href":"https:\/\/www.radiosanctispiritus.cu\/es\/wp-json\/wp\/v2\/coauthors?post=28375"}],"curies":[{"name":"wp","href":"https:\/\/api.w.org\/{rel}","templated":true}]}}