{"id":28241,"date":"2024-06-21T04:15:23","date_gmt":"2024-06-21T08:15:23","guid":{"rendered":"https:\/\/www.radiosanctispiritus.cu\/es\/?p=28241"},"modified":"2024-06-21T07:40:39","modified_gmt":"2024-06-21T11:40:39","slug":"manuel-echevarria-critico-y-periodista","status":"publish","type":"post","link":"https:\/\/www.radiosanctispiritus.cu\/es\/manuel-echevarria-critico-y-periodista\/","title":{"rendered":"Manuel Echevarr\u00eda: Cr\u00edtico y periodista."},"content":{"rendered":"<p>Si tuviera que utilizar una palabra para definir al periodista espirituano Manuel Echevarr\u00eda G\u00f3mez \u00a0\u00a0espirituano utilizar\u00eda una: La \u00e9tica.<\/p>\n<p>Nacido en Sancti Spiritus el 28 de enero de 1946 se gradu\u00f3 de Historia del Arte en la Universidad de La Habana y devino periodista -seg\u00fan \u00e9l- por casualidad.<\/p>\n<p>Por espacio de a\u00f1os Manuel Echevarr\u00eda se desempe\u00f1\u00f3 en la p\u00e1gina cultural del peri\u00f3dico Escambray y desde all\u00ed promovi\u00f3 la cr\u00edtica art\u00edstica con herramientas de profundo conocedor.<\/p>\n<p>Fundador del suplemento cultural <strong>Vitrales<\/strong> sus trabajos m\u00e1s extensos, que rebasan lo permisible para un peri\u00f3dico, los realiz\u00f3 en este suplemento especializado, una publicaci\u00f3n que recientemente celebr\u00f3 su aniversario.<\/p>\n<p>Seg\u00fan dec\u00eda Manuel el haber atendido el sector de la cultura por tantos a\u00f1os le posibilit\u00f3 abordar temas \u00e1lgidos ejerciendo la cr\u00edtica sin autocensurarse y recibiendo el respaldo de todos.<\/p>\n<p>Su labor como escritor fue muy destacada: Comenz\u00f3 con el libro <strong>Tradici\u00f3n y Modernidad en la Obra de Fern\u00e1ndez Morera <\/strong>en 1996 y culmin\u00f3 con <strong>Dile que pienso en ella <\/strong>del 2008. Su \u00faltimo libro recoge trabajos sobre compositores e int\u00e9rpretes de la m\u00fasica tradicional espirituana.<\/p>\n<p>Este \u00faltimo texto lo puso frente a la disyuntiva de abordar un tema vital para los espirituanos: Su m\u00fasica, por lo que escogi\u00f3 lo que m\u00e1s vale y brilla de esta manifestaci\u00f3n local: Lo campesino, la trova, la m\u00fasica de conciertos y sus principales figuras.<\/p>\n<p>Con este libro no se propuso historiar la M\u00fasica en Sancti Spiritus ni sentar pautas acad\u00e9micas sobre ella. Sus art\u00edculos analizan, comentan, sintetizan y develan esencias y las relaciones con un universo m\u00e1s amplio de influencias.<\/p>\n<p>El periodismo le sirvi\u00f3 a este creador espirituano para afianzarse en el mundo editorial con cinco t\u00edtulos publicados. Nunca contradicciones entre su trabajo cotidiano y la preparaci\u00f3n de sus libros porque hizo del periodismo un ejercicio diario y de entrega.<\/p>\n<p>Cuando se hable de la cr\u00edtica en la cultura espirituana no puede dejar de mencionarse a Manuel Echevarria G\u00f3mez: Su amplia obra, enfilada sobre todo a las Artes Pl\u00e1sticas y la M\u00fasica es de obligada consulta a la hora de profundizar en el universo creativo local y sus influencias.<\/p>\n<p>Su profundo conocimiento, su \u00e9tica al abordar cualquier proceso cultural le agenciaron credibilidad, indispensable a todo cr\u00edtico de arte.<\/p>\n<p>Dentro de la UPEC hizo historia \u2014fue Premio Nacional de Periodismo Cultural y Premio Provincial por la Obra de la Vida\u2014 y en la UNEAC, tambi\u00e9n cosech\u00f3 importantes distinciones.<\/p>\n<p>M\u00e1s que un periodista fue un creador, en el m\u00e1s amplio sentido de la palabra, que se adentr\u00f3 en el periodismo e hizo de \u00e9l una obra creativa.<\/p>\n<p>Cuando Manuel Echevarr\u00eda G\u00f3mez falleci\u00f3 el 28 de diciembre de 2018, la cultura espirituana perdi\u00f3 a una figura excelsa, que contribuy\u00f3 con su aguzada pluma a desentra\u00f1ar los misterios de la creaci\u00f3n art\u00edstica.<\/p>\n","protected":false},"excerpt":{"rendered":"<p>M\u00e1s que un periodista Manuel Echevarr\u00eda G\u00f3mez fue un creador, en el m\u00e1s amplio sentido de la palabra, que se adentr\u00f3 en el periodismo e hizo de \u00e9l una obra creativa.<\/p>\n","protected":false},"author":163,"featured_media":28242,"comment_status":"open","ping_status":"open","sticky":false,"template":"","format":"standard","meta":{"_acf_changed":false,"footnotes":""},"categories":[1023],"tags":[],"coauthors":[],"class_list":["post-28241","post","type-post","status-publish","format-standard","has-post-thumbnail","hentry","category-el-balcon-del-soto"],"acf":[],"_links":{"self":[{"href":"https:\/\/www.radiosanctispiritus.cu\/es\/wp-json\/wp\/v2\/posts\/28241","targetHints":{"allow":["GET"]}}],"collection":[{"href":"https:\/\/www.radiosanctispiritus.cu\/es\/wp-json\/wp\/v2\/posts"}],"about":[{"href":"https:\/\/www.radiosanctispiritus.cu\/es\/wp-json\/wp\/v2\/types\/post"}],"author":[{"embeddable":true,"href":"https:\/\/www.radiosanctispiritus.cu\/es\/wp-json\/wp\/v2\/users\/163"}],"replies":[{"embeddable":true,"href":"https:\/\/www.radiosanctispiritus.cu\/es\/wp-json\/wp\/v2\/comments?post=28241"}],"version-history":[{"count":0,"href":"https:\/\/www.radiosanctispiritus.cu\/es\/wp-json\/wp\/v2\/posts\/28241\/revisions"}],"wp:featuredmedia":[{"embeddable":true,"href":"https:\/\/www.radiosanctispiritus.cu\/es\/wp-json\/wp\/v2\/media\/28242"}],"wp:attachment":[{"href":"https:\/\/www.radiosanctispiritus.cu\/es\/wp-json\/wp\/v2\/media?parent=28241"}],"wp:term":[{"taxonomy":"category","embeddable":true,"href":"https:\/\/www.radiosanctispiritus.cu\/es\/wp-json\/wp\/v2\/categories?post=28241"},{"taxonomy":"post_tag","embeddable":true,"href":"https:\/\/www.radiosanctispiritus.cu\/es\/wp-json\/wp\/v2\/tags?post=28241"},{"taxonomy":"author","embeddable":true,"href":"https:\/\/www.radiosanctispiritus.cu\/es\/wp-json\/wp\/v2\/coauthors?post=28241"}],"curies":[{"name":"wp","href":"https:\/\/api.w.org\/{rel}","templated":true}]}}