{"id":28237,"date":"2024-06-16T04:09:13","date_gmt":"2024-06-16T08:09:13","guid":{"rendered":"https:\/\/www.radiosanctispiritus.cu\/es\/?p=28237"},"modified":"2024-06-15T22:17:09","modified_gmt":"2024-06-16T02:17:09","slug":"delio-luna-el-espiritu-de-lo-popular","status":"publish","type":"post","link":"https:\/\/www.radiosanctispiritus.cu\/es\/delio-luna-el-espiritu-de-lo-popular\/","title":{"rendered":"Delio Luna: El esp\u00edritu de lo popular"},"content":{"rendered":"<p>Imagen impecable, camisa de mangas largas, una amplia cultura expresada en el humor cortante: As\u00ed era Delio Luna Echemend\u00eda, ese hombre indispensable de la cultura espirituana.<\/p>\n<p>Nada m\u00e1s justo que la Feria Agropecuaria e Industrial de Sancti Spiritus lleve hoy su nombre, por lo que signific\u00f3 para el rodeo su presencia como promotor y narrador de ese viril deporte.<\/p>\n<p>Las Ferias de Victoria de Las Tunas, Sancti Spiritus y el Parque Lenin conservan el recuerdo de Delio Luna. Era un experto conocedor de los animales, de sus caracter\u00edsticas y ese mundo lo dominaba a la perfecci\u00f3n y lo comunicaba con claridad y mesura. A su dicci\u00f3n impecable un\u00eda su vasta cultura, sustentada en lecturas sistem\u00e1ticas y de calidad.<\/p>\n<p>Delio Luna ten\u00eda la rara facultad de poder animar el rodeo, una gala cultural, una velada pol\u00edtica o el rinc\u00f3n del humor. Era integral porque a todo le imprim\u00eda el sello de su profesionalidad, su carisma y su esp\u00edritu popular que r\u00e1pidamente le granjeaba el cari\u00f1o de todos.<\/p>\n<p>Y ese mismo esp\u00edritu popular convirti\u00f3 a Delio en uno de los art\u00edfices del Santiago espirituano, defendi\u00f3 esa festividad en cualquier tribuna, y cada a\u00f1o en la Plataforma Central, desde donde narraba los desfiles de carrozas, comparsas y disfraces con el encanto y pasi\u00f3n que le eran tan propios.<\/p>\n<p>Otro de los indiscutibles m\u00e9ritos de Delio se refiere a su vocaci\u00f3n para trasmitir sus experiencias. Nuestros m\u00e1s talentosos locutores y presentadores fueron alumnos suyos, \u00e9l los prepar\u00f3 y los consideraba sus pupilos en una hermosa relaci\u00f3n de aprendizaje que lo manten\u00eda constantemente rodeado de j\u00f3venes.<\/p>\n<p>Figuras tan importantes como Lu\u00eds \u00c1ngel Cruz y Anabel Acosta, hoy reconocen con orgullo haber sido sus disc\u00edpulos en el dif\u00edcil arte de la locuci\u00f3n.<\/p>\n<p>En cualquier terreno Delio Luna era un polemista temido por su ingenio y fin\u00edsima iron\u00eda, pero jam\u00e1s apabull\u00f3 a un contendiente con su conocimiento. Era un diletante, ofrec\u00eda sus puntos de vista y los aderezaba con historias y frases chispeantes que de inmediato pon\u00edan en desventaja a su contrincante.<\/p>\n<p>Al morir, el 16 de junio de 1998, hace 26 a\u00f1os, dej\u00f3 tras s\u00ed una estela de an\u00e9cdotas, algunas ciertas, y otras que ya forman parte de la leyenda que acompa\u00f1a a todo personaje c\u00e9lebre: La ocasi\u00f3n en que invit\u00f3 al embajador chino a Sancti Spiritus, sus famosos lances con los tribunales de evaluaci\u00f3n art\u00edstica y la vez que organiz\u00f3 una selecci\u00f3n de Estrellas y Luceros con damas de la tercera edad, son algunos de los hechos m\u00e1s pintorescos que se atribuyen a Delio Luna.<\/p>\n<p>Todav\u00eda en las ma\u00f1anas de domingo, cuando la Feria Agropecuaria realiza sus rodeos, en el susurro del viento parece escucharse la voz clara de Delio Luna Echemend\u00eda.<\/p>\n<p>Su imagen permanece entre nosotros, perpetuada en una escultura, a la entrada del recinto ferial. Desde all\u00ed, con su inseparable sombrero al\u00f3n, acompa\u00f1a por siempre a los espirituanos.<\/p>\n","protected":false},"excerpt":{"rendered":"<p>Este 16 de junio,  hace 26 a\u00f1os, Delio Luna dej\u00f3 tras s\u00ed una estela de an\u00e9cdotas que forman parte de la leyenda que acompa\u00f1a a todo personaje c\u00e9lebre<\/p>\n","protected":false},"author":163,"featured_media":28238,"comment_status":"open","ping_status":"open","sticky":false,"template":"","format":"standard","meta":{"_acf_changed":false,"footnotes":""},"categories":[1023],"tags":[],"coauthors":[],"class_list":["post-28237","post","type-post","status-publish","format-standard","has-post-thumbnail","hentry","category-el-balcon-del-soto"],"acf":[],"_links":{"self":[{"href":"https:\/\/www.radiosanctispiritus.cu\/es\/wp-json\/wp\/v2\/posts\/28237","targetHints":{"allow":["GET"]}}],"collection":[{"href":"https:\/\/www.radiosanctispiritus.cu\/es\/wp-json\/wp\/v2\/posts"}],"about":[{"href":"https:\/\/www.radiosanctispiritus.cu\/es\/wp-json\/wp\/v2\/types\/post"}],"author":[{"embeddable":true,"href":"https:\/\/www.radiosanctispiritus.cu\/es\/wp-json\/wp\/v2\/users\/163"}],"replies":[{"embeddable":true,"href":"https:\/\/www.radiosanctispiritus.cu\/es\/wp-json\/wp\/v2\/comments?post=28237"}],"version-history":[{"count":0,"href":"https:\/\/www.radiosanctispiritus.cu\/es\/wp-json\/wp\/v2\/posts\/28237\/revisions"}],"wp:featuredmedia":[{"embeddable":true,"href":"https:\/\/www.radiosanctispiritus.cu\/es\/wp-json\/wp\/v2\/media\/28238"}],"wp:attachment":[{"href":"https:\/\/www.radiosanctispiritus.cu\/es\/wp-json\/wp\/v2\/media?parent=28237"}],"wp:term":[{"taxonomy":"category","embeddable":true,"href":"https:\/\/www.radiosanctispiritus.cu\/es\/wp-json\/wp\/v2\/categories?post=28237"},{"taxonomy":"post_tag","embeddable":true,"href":"https:\/\/www.radiosanctispiritus.cu\/es\/wp-json\/wp\/v2\/tags?post=28237"},{"taxonomy":"author","embeddable":true,"href":"https:\/\/www.radiosanctispiritus.cu\/es\/wp-json\/wp\/v2\/coauthors?post=28237"}],"curies":[{"name":"wp","href":"https:\/\/api.w.org\/{rel}","templated":true}]}}