{"id":274,"date":"2022-07-24T11:01:55","date_gmt":"2022-07-24T15:01:55","guid":{"rendered":"https:\/\/www.radiosanctispiritus.cu\/es\/?p=274"},"modified":"2022-07-24T11:01:55","modified_gmt":"2022-07-24T15:01:55","slug":"telesur-es-rostro-de-nuestra-america-afirma-presidente-de-cuba","status":"publish","type":"post","link":"https:\/\/www.radiosanctispiritus.cu\/es\/telesur-es-rostro-de-nuestra-america-afirma-presidente-de-cuba\/","title":{"rendered":"Telesur es rostro de nuestra Am\u00e9rica, afirma presidente de Cuba"},"content":{"rendered":"<p>El presidente de Cuba, Miguel D\u00edaz-Canel, calific\u00f3 a Telesur como \u201cla voz y el rostro de Nuestra Am\u00e9rica\u201d, al cumplirse este domingo 17 a\u00f1os de la fundaci\u00f3n de esa televisora.<\/p>\n<p>En su cuenta de Twitter el mandatario se\u00f1al\u00f3 que Cuba \u201ces y se siente parte del canal\u201d fundado por los presidentes de Venezuela, Hugo Chavez, y Fidel Castro de la isla caribe\u00f1a.<\/p>\n<p>Asimismo dirigi\u00e9ndose al colectivo del medio de comunicaci\u00f3n expres\u00f3: \u201clos abrazamos, con alegr\u00eda y confianza en que seguir\u00e1n siendo la voz y el rostro de Nuestra Am\u00e9rica\u201d.<\/p>\n<p>Telesur surgi\u00f3 y se mantiene como un medio de informaci\u00f3n que refleja una imagen alternativa sobre la realidad, luchas y aspiraciones de los pueblos, en especial de Am\u00e9rica Latina, en contraste con el mensaje hegem\u00f3nico que ofrecen las grandes cadenas de comunicaci\u00f3n.<\/p>\n<p>Aunque sus detractores le pronosticaban una vida ef\u00edmera, y sorteando no pocos obst\u00e1culos, el canal ha ido ampliando su proyecci\u00f3n y hoy cuenta con millones de fieles televidentes en Am\u00e9rica Latina, Europa, \u00c1frica y Asia.<\/p>\n","protected":false},"excerpt":{"rendered":"<p>El presidente de Cuba, Miguel D\u00edaz-Canel, calific\u00f3 a Telesur como \u201cla voz y el rostro de Nuestra Am\u00e9rica\u201d, al cumplirse este domingo 17 a\u00f1os de la fundaci\u00f3n de esa televisora. En su cuenta de Twitter el mandatario se\u00f1al\u00f3 que Cuba \u201ces y se siente parte del canal\u201d fundado por los presidentes de Venezuela, Hugo Chavez, [&hellip;]<\/p>\n","protected":false},"author":22,"featured_media":275,"comment_status":"open","ping_status":"open","sticky":false,"template":"","format":"standard","meta":{"_acf_changed":false,"footnotes":""},"categories":[3],"tags":[28,27],"coauthors":[],"class_list":["post-274","post","type-post","status-publish","format-standard","has-post-thumbnail","hentry","category-cuba","tag-miguel-diaz-canel","tag-telesur"],"acf":[],"_links":{"self":[{"href":"https:\/\/www.radiosanctispiritus.cu\/es\/wp-json\/wp\/v2\/posts\/274","targetHints":{"allow":["GET"]}}],"collection":[{"href":"https:\/\/www.radiosanctispiritus.cu\/es\/wp-json\/wp\/v2\/posts"}],"about":[{"href":"https:\/\/www.radiosanctispiritus.cu\/es\/wp-json\/wp\/v2\/types\/post"}],"author":[{"embeddable":true,"href":"https:\/\/www.radiosanctispiritus.cu\/es\/wp-json\/wp\/v2\/users\/22"}],"replies":[{"embeddable":true,"href":"https:\/\/www.radiosanctispiritus.cu\/es\/wp-json\/wp\/v2\/comments?post=274"}],"version-history":[{"count":0,"href":"https:\/\/www.radiosanctispiritus.cu\/es\/wp-json\/wp\/v2\/posts\/274\/revisions"}],"wp:featuredmedia":[{"embeddable":true,"href":"https:\/\/www.radiosanctispiritus.cu\/es\/wp-json\/wp\/v2\/media\/275"}],"wp:attachment":[{"href":"https:\/\/www.radiosanctispiritus.cu\/es\/wp-json\/wp\/v2\/media?parent=274"}],"wp:term":[{"taxonomy":"category","embeddable":true,"href":"https:\/\/www.radiosanctispiritus.cu\/es\/wp-json\/wp\/v2\/categories?post=274"},{"taxonomy":"post_tag","embeddable":true,"href":"https:\/\/www.radiosanctispiritus.cu\/es\/wp-json\/wp\/v2\/tags?post=274"},{"taxonomy":"author","embeddable":true,"href":"https:\/\/www.radiosanctispiritus.cu\/es\/wp-json\/wp\/v2\/coauthors?post=274"}],"curies":[{"name":"wp","href":"https:\/\/api.w.org\/{rel}","templated":true}]}}