{"id":27242,"date":"2024-05-21T14:51:07","date_gmt":"2024-05-21T18:51:07","guid":{"rendered":"https:\/\/www.radiosanctispiritus.cu\/es\/?p=27242"},"modified":"2024-05-21T14:51:07","modified_gmt":"2024-05-21T18:51:07","slug":"foro-cuba-union-euroasiatica-visibilizara-posibilidades-de-negocios","status":"publish","type":"post","link":"https:\/\/www.radiosanctispiritus.cu\/es\/foro-cuba-union-euroasiatica-visibilizara-posibilidades-de-negocios\/","title":{"rendered":"Foro Cuba-Uni\u00f3n Euroasi\u00e1tica visibilizar\u00e1 posibilidades de negocios"},"content":{"rendered":"<p>El presidente de la C\u00e1mara de Comercio de Cuba, Antonio Carricarte, indic\u00f3 este martes que el Foro Empresarial Cuba-Uni\u00f3n Econ\u00f3mica Euroasi\u00e1tica mostrar\u00e1 al empresariado insular c\u00f3mo participar en los proyectos promovidos dentro del bloque integracionista.<\/p>\n<p>Carricarte explic\u00f3 que Cuba puede ser un puente importante para, de conjunto con las potencialidades del pa\u00eds, fortalecer la presencia de los productos y servicios de las naciones miembros de la Uni\u00f3n Econ\u00f3mica Euroasi\u00e1tica (UEE), y a su vez, facilitar el acceso a los mercados de Am\u00e9rica Latina y el Caribe a trav\u00e9s de los esquemas de que Cuba obtenga en este evento<\/p>\n<p>Estamos siendo consecuentes con las palabras del presidente de Cuba, Miguel D\u00edaz-Canel, en la III Comisi\u00f3n conjunta Cuba-UEE cuando expres\u00f3 la necesidad de impulsar diversificar las relaciones con los miembros del bloque para avanzar en tres \u00e1mbitos fundamentales, los intercambios comerciales, la cooperaci\u00f3n y la inversi\u00f3n extranjera.<\/p>\n<p>En aquel momento el mandatario cubano remarc\u00f3 la importancia de potenciar el comercio intra y extra regional, record\u00f3 Carricarte durante la celebraci\u00f3n del encuentro en el Hotel Nacional de Cuba.<\/p>\n<p>A juicio de Carricarte esta jornada se presentar\u00e1n a detalle proyectos con un grupo selecto de empresas porque aunque es importante avanzar en las relaciones institucionales, los empresarios deben sumarse de manera consciente y responsable a la b\u00fasqueda de socios y clientes a partir de los mecanismos creados por la UEE.<\/p>\n<p>Este ser\u00e1 el inicio, dijo, de un proceso de preparaci\u00f3n para trasladar esos proyectos al secretario de la Comisi\u00f3n Empresarial y a los hom\u00f3logos de los Estados Miembros del bloque y con ello medir los intereses y adecuaciones necesarias para la presentaci\u00f3n de proyectos.<\/p>\n<p>El 8 de junio, anunci\u00f3 el titular de la C\u00e1mara, se realizar\u00e1 un importante encuentro con un experto en la UEE que informar\u00e1 sobre los aspectos financieros que podr\u00edan acompa\u00f1ar los proyectos y negociaciones a presentar.<\/p>\n<p>Los sectores principales que Cuba mostrar\u00e1 en esta jornada a la Uni\u00f3n son las industrias: textil, metalmec\u00e1nica, qu\u00edmica, agroindustria azucarera, agricultura, agroalimentaria, farmac\u00e9utica y biotecnol\u00f3gica, y el turismo, enumer\u00f3.<\/p>\n<p>A su vez Carricarte convoc\u00f3 a los presentes a trabajar consciente y responsablemente, acorde a los segmentos de proyectos financieramente sostenible que dispone Cuba.<\/p>\n<p>Pese de las complejidades que transita la econom\u00eda de Cuba, existen oportunidades, afirm\u00f3 y consider\u00f3 que de esa manera se podr\u00e1n llegar al Foro Econ\u00f3mico a celebrarse en septiembre con proyectos consolidados.<\/p>\n<p>La UEE es una asociaci\u00f3n econ\u00f3mica de integraci\u00f3n internacional que opera desde el 1 de enero de 2015, sus participantes son Rusia, Armenia, Bielorrusia, Kazajst\u00e1n y Kirguist\u00e1n, desde 2020 Cuba ostenta el estatus de Estado Observador de la UEE.<\/p>\n","protected":false},"excerpt":{"rendered":"<p>El presidente de la C\u00e1mara de Comercio de Cuba, Antonio Carricarte, indic\u00f3 este martes que el Foro Empresarial Cuba-Uni\u00f3n Econ\u00f3mica Euroasi\u00e1tica mostrar\u00e1 al empresariado insular c\u00f3mo participar en los proyectos promovidos dentro del bloque integracionista.<\/p>\n","protected":false},"author":22,"featured_media":27243,"comment_status":"open","ping_status":"open","sticky":false,"template":"","format":"standard","meta":{"_acf_changed":false,"footnotes":""},"categories":[3,16,8],"tags":[1198,1196,1008,1197],"coauthors":[],"class_list":["post-27242","post","type-post","status-publish","format-standard","has-post-thumbnail","hentry","category-cuba","category-economia","category-noticia","tag-camara-de-comercio","tag-cuba-union-euroasiatica","tag-integracion","tag-union-economica-euroasiatica"],"acf":[],"_links":{"self":[{"href":"https:\/\/www.radiosanctispiritus.cu\/es\/wp-json\/wp\/v2\/posts\/27242","targetHints":{"allow":["GET"]}}],"collection":[{"href":"https:\/\/www.radiosanctispiritus.cu\/es\/wp-json\/wp\/v2\/posts"}],"about":[{"href":"https:\/\/www.radiosanctispiritus.cu\/es\/wp-json\/wp\/v2\/types\/post"}],"author":[{"embeddable":true,"href":"https:\/\/www.radiosanctispiritus.cu\/es\/wp-json\/wp\/v2\/users\/22"}],"replies":[{"embeddable":true,"href":"https:\/\/www.radiosanctispiritus.cu\/es\/wp-json\/wp\/v2\/comments?post=27242"}],"version-history":[{"count":0,"href":"https:\/\/www.radiosanctispiritus.cu\/es\/wp-json\/wp\/v2\/posts\/27242\/revisions"}],"wp:featuredmedia":[{"embeddable":true,"href":"https:\/\/www.radiosanctispiritus.cu\/es\/wp-json\/wp\/v2\/media\/27243"}],"wp:attachment":[{"href":"https:\/\/www.radiosanctispiritus.cu\/es\/wp-json\/wp\/v2\/media?parent=27242"}],"wp:term":[{"taxonomy":"category","embeddable":true,"href":"https:\/\/www.radiosanctispiritus.cu\/es\/wp-json\/wp\/v2\/categories?post=27242"},{"taxonomy":"post_tag","embeddable":true,"href":"https:\/\/www.radiosanctispiritus.cu\/es\/wp-json\/wp\/v2\/tags?post=27242"},{"taxonomy":"author","embeddable":true,"href":"https:\/\/www.radiosanctispiritus.cu\/es\/wp-json\/wp\/v2\/coauthors?post=27242"}],"curies":[{"name":"wp","href":"https:\/\/api.w.org\/{rel}","templated":true}]}}