{"id":27202,"date":"2024-05-20T21:33:38","date_gmt":"2024-05-21T01:33:38","guid":{"rendered":"https:\/\/www.radiosanctispiritus.cu\/es\/?p=27202"},"modified":"2024-05-20T21:54:07","modified_gmt":"2024-05-21T01:54:07","slug":"papa-francisco-nombra-nuevo-nuncio-en-cuba","status":"publish","type":"post","link":"https:\/\/www.radiosanctispiritus.cu\/es\/papa-francisco-nombra-nuevo-nuncio-en-cuba\/","title":{"rendered":"Papa Francisco nombra nuevo nuncio en Cuba"},"content":{"rendered":"<p>El papa Francisco nombr\u00f3 al arzobispo titular de Sk\u00e1lholt, monse\u00f1or Antoine Camilleri, como nuncio apost\u00f3lico en Cuba, inform\u00f3 este lunes el Vaticano.<\/p>\n<p>Camilleri, de 58 a\u00f1os de edad, se desempe\u00f1a hasta el momento como nuncio apost\u00f3lico en Etiop\u00eda, as\u00ed como representa a la Santa Sede ante la Uni\u00f3n Africana y como delegado apost\u00f3lico en Somalia.<\/p>\n<p>El monse\u00f1or naci\u00f3 en Sliema, Malta, el 20 de agosto de 1965, es sacerdote desde 1991 y licenciado en Jurisprudencia y Derecho Can\u00f3nico.<\/p>\n<p>Ingres\u00f3 en el servicio diplom\u00e1tico de la Santa Sede el 9 de enero de 1999 y en los \u00faltimos a\u00f1os ha trabajado en las representaciones pontificias en Pap\u00faa Nueva Guinea, Uganda y Cuba, seg\u00fan se\u00f1ala una nota de la oficina de prensa del Vaticano.<\/p>\n<p>Camilleri tambi\u00e9n labor\u00f3 en la Secci\u00f3n para las Relaciones con los Estados de la Secretar\u00eda de Estado, donde el papa Benedicto XVI lo hab\u00eda nombrado subsecretario el 22 de febrero de 2013.<\/p>\n<p>El 3 de septiembre de 2019, el papa Francisco lo design\u00f3 arzobispo titular de Sk\u00e1lholt y nuncio apost\u00f3lico y el 4 de octubre de ese a\u00f1o recibi\u00f3 la ordenaci\u00f3n episcopal.<\/p>\n<p>El 31 de octubre siguiente fue nombrado nuncio apost\u00f3lico en Etiop\u00eda y Yibuti, representante especial ante la Uni\u00f3n Africana y delegado apost\u00f3lico en Somalia.<\/p>\n<p>Monse\u00f1or Camilleri habla siete idiomas: italiano, ingl\u00e9s, espa\u00f1ol, franc\u00e9s, portugu\u00e9s, rumano y ruso.<\/p>\n","protected":false},"excerpt":{"rendered":"<p>El papa Francisco nombr\u00f3 al arzobispo titular de Sk\u00e1lholt, monse\u00f1or Antoine Camilleri, como nuncio apost\u00f3lico en Cuba, inform\u00f3 este lunes el Vaticano. Camilleri, de 58 a\u00f1os de edad, se desempe\u00f1a hasta el momento como nuncio apost\u00f3lico en Etiop\u00eda, as\u00ed como representa a la Santa Sede ante la Uni\u00f3n Africana y como delegado apost\u00f3lico en Somalia. [&hellip;]<\/p>\n","protected":false},"author":22,"featured_media":27203,"comment_status":"open","ping_status":"open","sticky":false,"template":"","format":"standard","meta":{"_acf_changed":false,"footnotes":""},"categories":[3,8],"tags":[629,608,176],"coauthors":[],"class_list":["post-27202","post","type-post","status-publish","format-standard","has-post-thumbnail","hentry","category-cuba","category-noticia","tag-cuba-religion","tag-cuba-vaticano","tag-papa-francisco"],"acf":[],"_links":{"self":[{"href":"https:\/\/www.radiosanctispiritus.cu\/es\/wp-json\/wp\/v2\/posts\/27202","targetHints":{"allow":["GET"]}}],"collection":[{"href":"https:\/\/www.radiosanctispiritus.cu\/es\/wp-json\/wp\/v2\/posts"}],"about":[{"href":"https:\/\/www.radiosanctispiritus.cu\/es\/wp-json\/wp\/v2\/types\/post"}],"author":[{"embeddable":true,"href":"https:\/\/www.radiosanctispiritus.cu\/es\/wp-json\/wp\/v2\/users\/22"}],"replies":[{"embeddable":true,"href":"https:\/\/www.radiosanctispiritus.cu\/es\/wp-json\/wp\/v2\/comments?post=27202"}],"version-history":[{"count":0,"href":"https:\/\/www.radiosanctispiritus.cu\/es\/wp-json\/wp\/v2\/posts\/27202\/revisions"}],"wp:featuredmedia":[{"embeddable":true,"href":"https:\/\/www.radiosanctispiritus.cu\/es\/wp-json\/wp\/v2\/media\/27203"}],"wp:attachment":[{"href":"https:\/\/www.radiosanctispiritus.cu\/es\/wp-json\/wp\/v2\/media?parent=27202"}],"wp:term":[{"taxonomy":"category","embeddable":true,"href":"https:\/\/www.radiosanctispiritus.cu\/es\/wp-json\/wp\/v2\/categories?post=27202"},{"taxonomy":"post_tag","embeddable":true,"href":"https:\/\/www.radiosanctispiritus.cu\/es\/wp-json\/wp\/v2\/tags?post=27202"},{"taxonomy":"author","embeddable":true,"href":"https:\/\/www.radiosanctispiritus.cu\/es\/wp-json\/wp\/v2\/coauthors?post=27202"}],"curies":[{"name":"wp","href":"https:\/\/api.w.org\/{rel}","templated":true}]}}