{"id":26894,"date":"2024-05-14T23:28:43","date_gmt":"2024-05-15T03:28:43","guid":{"rendered":"https:\/\/www.radiosanctispiritus.cu\/es\/?p=26894"},"modified":"2024-05-14T23:32:38","modified_gmt":"2024-05-15T03:32:38","slug":"exhortan-en-sancti-spiritus-a-consolidar-y-diversificar-fondos-exportables","status":"publish","type":"post","link":"https:\/\/www.radiosanctispiritus.cu\/es\/exhortan-en-sancti-spiritus-a-consolidar-y-diversificar-fondos-exportables\/","title":{"rendered":"Exhortan en Sancti Sp\u00edritus a consolidar y diversificar fondos exportables"},"content":{"rendered":"<p>A incrementar el n\u00famero de renglones exportables y a consolidar los ya existentes inst\u00f3 la m\u00e1xima direcci\u00f3n del Partido Comunista de Cuba en el territorio durante la sesi\u00f3n este martes del Bur\u00f3 Provincial del PCC, que analiz\u00f3 el comportamiento de esta actividad econ\u00f3mica en Sancti Sp\u00edritus.<\/p>\n<audio class=\"wp-audio-shortcode\" id=\"audio-26894-1\" preload=\"none\" style=\"width: 100%;\" controls=\"controls\"><source type=\"audio\/mpeg\" src=\"https:\/\/www.ivoox.com\/exhortan-sancti-spiritus-a-consolidar-diversificar_md_128950365_wp_1.mp3?_=1\" \/><a href=\"https:\/\/www.ivoox.com\/exhortan-sancti-spiritus-a-consolidar-diversificar_md_128950365_wp_1.mp3\" target=\"_blank\" rel=\"noopener\">https:\/\/www.ivoox.com\/exhortan-sancti-spiritus-a-consolidar-diversificar_md_128950365_wp_1.mp3<\/a><\/audio>\n<p>Al respecto la integrante del Comit\u00e9 Central de la organizaci\u00f3n pol\u00edtica y su primera secretaria en la provincia, Deivy P\u00e9rez Mart\u00edn, precis\u00f3 que en primer orden es necesario evaluar a qu\u00e9 nivel se encuentra cada producto para la exportaci\u00f3n disponible en el territorio y determinar porqu\u00e9 no avanza m\u00e1s, y de ello qu\u00e9 cuestiones est\u00e1n al alcance de nosotros para transformarlo.<\/p>\n<p>En segunda instancia, P\u00e9rez Mart\u00edn indic\u00f3 que se precisa seguir indagando qu\u00e9 otros renglones con potencialidades en la provincia pudieran incorporarse a los rubros exportables.<\/p>\n","protected":false},"excerpt":{"rendered":"<p>A incrementar el n\u00famero de renglones exportables y a consolidar los ya existentes inst\u00f3 la m\u00e1xima direcci\u00f3n del Partido Comunista de Cuba en el territorio durante la sesi\u00f3n este martes del Bur\u00f3 Provincial del PCC, que analiz\u00f3 el comportamiento de esta actividad econ\u00f3mica en Sancti Sp\u00edritus.<\/p>\n","protected":false},"author":10,"featured_media":26895,"comment_status":"open","ping_status":"open","sticky":false,"template":"","format":"standard","meta":{"_acf_changed":false,"footnotes":""},"categories":[9,1],"tags":[44,720,721,74],"coauthors":[],"class_list":["post-26894","post","type-post","status-publish","format-standard","has-post-thumbnail","hentry","category-en-audio","category-sancti-spiritus","tag-deivy-perez-martin","tag-exportacion","tag-fondos-exportables","tag-partido-comunista-de-cuba"],"acf":[],"_links":{"self":[{"href":"https:\/\/www.radiosanctispiritus.cu\/es\/wp-json\/wp\/v2\/posts\/26894","targetHints":{"allow":["GET"]}}],"collection":[{"href":"https:\/\/www.radiosanctispiritus.cu\/es\/wp-json\/wp\/v2\/posts"}],"about":[{"href":"https:\/\/www.radiosanctispiritus.cu\/es\/wp-json\/wp\/v2\/types\/post"}],"author":[{"embeddable":true,"href":"https:\/\/www.radiosanctispiritus.cu\/es\/wp-json\/wp\/v2\/users\/10"}],"replies":[{"embeddable":true,"href":"https:\/\/www.radiosanctispiritus.cu\/es\/wp-json\/wp\/v2\/comments?post=26894"}],"version-history":[{"count":0,"href":"https:\/\/www.radiosanctispiritus.cu\/es\/wp-json\/wp\/v2\/posts\/26894\/revisions"}],"wp:featuredmedia":[{"embeddable":true,"href":"https:\/\/www.radiosanctispiritus.cu\/es\/wp-json\/wp\/v2\/media\/26895"}],"wp:attachment":[{"href":"https:\/\/www.radiosanctispiritus.cu\/es\/wp-json\/wp\/v2\/media?parent=26894"}],"wp:term":[{"taxonomy":"category","embeddable":true,"href":"https:\/\/www.radiosanctispiritus.cu\/es\/wp-json\/wp\/v2\/categories?post=26894"},{"taxonomy":"post_tag","embeddable":true,"href":"https:\/\/www.radiosanctispiritus.cu\/es\/wp-json\/wp\/v2\/tags?post=26894"},{"taxonomy":"author","embeddable":true,"href":"https:\/\/www.radiosanctispiritus.cu\/es\/wp-json\/wp\/v2\/coauthors?post=26894"}],"curies":[{"name":"wp","href":"https:\/\/api.w.org\/{rel}","templated":true}]}}