{"id":26459,"date":"2024-05-04T21:15:18","date_gmt":"2024-05-05T01:15:18","guid":{"rendered":"https:\/\/www.radiosanctispiritus.cu\/es\/?p=26459"},"modified":"2024-05-04T21:18:34","modified_gmt":"2024-05-05T01:18:34","slug":"combatientes-de-taguasco-iniciaron-balance-de-la-organizacion-en-municipios-espirituanos","status":"publish","type":"post","link":"https:\/\/www.radiosanctispiritus.cu\/es\/combatientes-de-taguasco-iniciaron-balance-de-la-organizacion-en-municipios-espirituanos\/","title":{"rendered":"Comenz\u00f3 por Taguasco balance municipal de la Asociaci\u00f3n de Combatientes"},"content":{"rendered":"<div class=\"viewport viewport-md\">\n<div class=\"overview overviewTranscription\">\n<p id=\"text-transcription\">La Asociaci\u00f3n de Combatientes en el municipio de Taguasco realiz\u00f3 este s\u00e1bado cuatro de mayo su Asamblea de Balance, primera de la provincia espirituana previo al VI Congreso de esa agrupaci\u00f3n que tiene la misi\u00f3n inclaudicable de defender la Revoluci\u00f3n y sus conquistas.<\/p>\n<audio class=\"wp-audio-shortcode\" id=\"audio-26459-1\" preload=\"none\" style=\"width: 100%;\" controls=\"controls\"><source type=\"audio\/mpeg\" src=\"https:\/\/www.ivoox.com\/eduardo-sicilia-al-dia-4-5-24_md_128438542_wp_1.mp3?_=1\" \/><a href=\"https:\/\/www.ivoox.com\/eduardo-sicilia-al-dia-4-5-24_md_128438542_wp_1.mp3\" target=\"_blank\" rel=\"noopener\">https:\/\/www.ivoox.com\/eduardo-sicilia-al-dia-4-5-24_md_128438542_wp_1.mp3<\/a><\/audio>\n<p>&nbsp;<\/p>\n<p>En un rico debate, presidido por Dermis Ram\u00edrez, integrante del Bur\u00f3 Provincial del Partido, los delegados expusieron con claridad meridiana las tareas a emprender desde cada asociaci\u00f3n de base, las que precisamente previo a este evento quedaron fortalecidas.<\/p>\n<p>La ACRC en todas sus estructuras tiene hoy la misi\u00f3n de continuar el perfeccionamiento de su labor pol\u00edtica ideol\u00f3gica con el impulso a la formaci\u00f3n patri\u00f3tico militar de las nuevas generaciones de cubanos, tema en el que se insisti\u00f3 en la necesidad de alcanzar un mayor v\u00ednculo con las unidades educacionales y propiciar acciones dentro del programa integrado que existe en cada comunidad.<\/p>\n<p>&nbsp;<\/p>\n<\/div>\n<\/div>\n","protected":false},"excerpt":{"rendered":"<p>La Asociaci\u00f3n de Combatientes en el municipio de Taguasco realiz\u00f3 este s\u00e1bado cuatro de mayo su Asamblea de Balance, primera de la provincia espirituana previo al VI Congreso de esa agrupaci\u00f3n que tiene la misi\u00f3n inclaudicable de defender la Revoluci\u00f3n y sus conquistas.<\/p>\n","protected":false},"author":17,"featured_media":26460,"comment_status":"open","ping_status":"open","sticky":false,"template":"","format":"standard","meta":{"_acf_changed":false,"footnotes":""},"categories":[1],"tags":[329,328,301],"coauthors":[],"class_list":["post-26459","post","type-post","status-publish","format-standard","has-post-thumbnail","hentry","category-sancti-spiritus","tag-acrc","tag-combatientes","tag-taguasco"],"acf":[],"_links":{"self":[{"href":"https:\/\/www.radiosanctispiritus.cu\/es\/wp-json\/wp\/v2\/posts\/26459","targetHints":{"allow":["GET"]}}],"collection":[{"href":"https:\/\/www.radiosanctispiritus.cu\/es\/wp-json\/wp\/v2\/posts"}],"about":[{"href":"https:\/\/www.radiosanctispiritus.cu\/es\/wp-json\/wp\/v2\/types\/post"}],"author":[{"embeddable":true,"href":"https:\/\/www.radiosanctispiritus.cu\/es\/wp-json\/wp\/v2\/users\/17"}],"replies":[{"embeddable":true,"href":"https:\/\/www.radiosanctispiritus.cu\/es\/wp-json\/wp\/v2\/comments?post=26459"}],"version-history":[{"count":0,"href":"https:\/\/www.radiosanctispiritus.cu\/es\/wp-json\/wp\/v2\/posts\/26459\/revisions"}],"wp:featuredmedia":[{"embeddable":true,"href":"https:\/\/www.radiosanctispiritus.cu\/es\/wp-json\/wp\/v2\/media\/26460"}],"wp:attachment":[{"href":"https:\/\/www.radiosanctispiritus.cu\/es\/wp-json\/wp\/v2\/media?parent=26459"}],"wp:term":[{"taxonomy":"category","embeddable":true,"href":"https:\/\/www.radiosanctispiritus.cu\/es\/wp-json\/wp\/v2\/categories?post=26459"},{"taxonomy":"post_tag","embeddable":true,"href":"https:\/\/www.radiosanctispiritus.cu\/es\/wp-json\/wp\/v2\/tags?post=26459"},{"taxonomy":"author","embeddable":true,"href":"https:\/\/www.radiosanctispiritus.cu\/es\/wp-json\/wp\/v2\/coauthors?post=26459"}],"curies":[{"name":"wp","href":"https:\/\/api.w.org\/{rel}","templated":true}]}}