{"id":25979,"date":"2024-05-29T05:27:34","date_gmt":"2024-05-29T09:27:34","guid":{"rendered":"https:\/\/www.radiosanctispiritus.cu\/es\/?p=25979"},"modified":"2024-04-28T17:31:47","modified_gmt":"2024-04-28T21:31:47","slug":"sigifredo-mora-un-bohemio-cantor","status":"publish","type":"post","link":"https:\/\/www.radiosanctispiritus.cu\/es\/sigifredo-mora-un-bohemio-cantor\/","title":{"rendered":"Sigifredo Mora, un bohemio cantor"},"content":{"rendered":"<p>Sigifredo Mora naci\u00f3 en Cienfuegos y era bien espirituano.<\/p>\n<p>Con apenas 4 a\u00f1os de edad su familia se traslad\u00f3 a Sancti Spiritus y fue aqu\u00ed donde adquiri\u00f3 los conocimientos musicales.<\/p>\n<p>Sigifredo se forma como barbero y comparte el trabajo con el estudio del tres y la guitarra. En la vida trovadoresca se convierte en\u00a0\u00a0 un incansable bohemio, que transita cada noche las calles espirituanas.<\/p>\n<p>De ese mundo se nutri\u00f3 Sigifredo Mora Palma. De esa tradici\u00f3n bebi\u00f3 hasta convertirse en un aut\u00e9ntico trovador espirituano.<\/p>\n<p>Creador de la llamada trova intermedia, puesta de manifiesto en su bolero <strong>\u201cFatal realidad<\/strong>\u201d, compuesto en 1938, Sigifredo Mora Palma fund\u00f3 en el a\u00f1o 1939 el Tr\u00edo \u201cLa Madrugada\u201d, integr\u00f3 la Orquesta de Rogelio Mar\u00edn Mir, adem\u00e1s de crear los tr\u00edos <strong>\u201cCaney<\/strong>\u201d, <strong>\u201cYara<\/strong>\u201d y <strong>\u201cLos Mel\u00f3dicos<\/strong>\u201d.<\/p>\n<p>En el a\u00f1o 1944 Sigifredo Mora se traslada a la capital y como parte de la antol\u00f3gica bohemia habanera trabaj\u00f3 en <strong>La Bodeguita del Medio<\/strong>, en <strong>El Floridita<\/strong> y en los m\u00e1s importantes centros nocturnos de la zona capitalina del Vedado y en los hoteles Internacional y Kawama, de Varadero.<\/p>\n<p>Sigifredo tambi\u00e9n cultivaba el dibujo y la pintura. Hombre culto se code\u00f3 en su tiempo con singulares figuras de la cultura cubana como Bola de Nieve, \u00d1ico Saquito, D\u00e1maso P\u00e9rez Prado, Panchito Riset y Lo Tr\u00edos <strong>Taicuba<\/strong> y <strong>Los Tres Caballeros.<\/strong><\/p>\n<p>El 19 de diciembre de 1981 falleci\u00f3 en Lawton, Ciudad de la Habana, Sigifredo Mora Palma. Irremediablemente melanc\u00f3lico y sin distanciarse de la humildad que lo caracteriz\u00f3.<\/p>\n<p>* En esta semblanza se utilizaron textos de Juanelo.<\/p>\n<p>&nbsp;<\/p>\n","protected":false},"excerpt":{"rendered":"<p>Sigifredo Mora Palma se convirti\u00f3 en un aut\u00e9ntico trovador espirituano.<\/p>\n","protected":false},"author":163,"featured_media":25980,"comment_status":"open","ping_status":"open","sticky":false,"template":"","format":"standard","meta":{"_acf_changed":false,"footnotes":""},"categories":[1023],"tags":[],"coauthors":[],"class_list":["post-25979","post","type-post","status-publish","format-standard","has-post-thumbnail","hentry","category-el-balcon-del-soto"],"acf":[],"_links":{"self":[{"href":"https:\/\/www.radiosanctispiritus.cu\/es\/wp-json\/wp\/v2\/posts\/25979","targetHints":{"allow":["GET"]}}],"collection":[{"href":"https:\/\/www.radiosanctispiritus.cu\/es\/wp-json\/wp\/v2\/posts"}],"about":[{"href":"https:\/\/www.radiosanctispiritus.cu\/es\/wp-json\/wp\/v2\/types\/post"}],"author":[{"embeddable":true,"href":"https:\/\/www.radiosanctispiritus.cu\/es\/wp-json\/wp\/v2\/users\/163"}],"replies":[{"embeddable":true,"href":"https:\/\/www.radiosanctispiritus.cu\/es\/wp-json\/wp\/v2\/comments?post=25979"}],"version-history":[{"count":0,"href":"https:\/\/www.radiosanctispiritus.cu\/es\/wp-json\/wp\/v2\/posts\/25979\/revisions"}],"wp:featuredmedia":[{"embeddable":true,"href":"https:\/\/www.radiosanctispiritus.cu\/es\/wp-json\/wp\/v2\/media\/25980"}],"wp:attachment":[{"href":"https:\/\/www.radiosanctispiritus.cu\/es\/wp-json\/wp\/v2\/media?parent=25979"}],"wp:term":[{"taxonomy":"category","embeddable":true,"href":"https:\/\/www.radiosanctispiritus.cu\/es\/wp-json\/wp\/v2\/categories?post=25979"},{"taxonomy":"post_tag","embeddable":true,"href":"https:\/\/www.radiosanctispiritus.cu\/es\/wp-json\/wp\/v2\/tags?post=25979"},{"taxonomy":"author","embeddable":true,"href":"https:\/\/www.radiosanctispiritus.cu\/es\/wp-json\/wp\/v2\/coauthors?post=25979"}],"curies":[{"name":"wp","href":"https:\/\/api.w.org\/{rel}","templated":true}]}}