{"id":25975,"date":"2024-05-21T05:17:11","date_gmt":"2024-05-21T09:17:11","guid":{"rendered":"https:\/\/www.radiosanctispiritus.cu\/es\/?p=25975"},"modified":"2024-05-21T11:02:55","modified_gmt":"2024-05-21T15:02:55","slug":"serapio-en-la-memoria","status":"publish","type":"post","link":"https:\/\/www.radiosanctispiritus.cu\/es\/serapio-en-la-memoria\/","title":{"rendered":"Serapio en la memoria"},"content":{"rendered":"<p>El 21 de mayo de 1925, naci\u00f3 Gerardo Echemend\u00eda Madrigal, el popular \u201cSerapio\u201d.<\/p>\n<p>Serapio integr\u00f3, hasta su jubilaci\u00f3n y, durante muchos a\u00f1os el Coro de Clave de Sancti Sp\u00edritus, \u00fanica agrupaci\u00f3n de su tipo en Cuba.<\/p>\n<p>Era habitual verlo recorrer la Villa con su inseparable peri\u00f3dico bajo el brazo mientras saludaba a cada paso de su andar apurado.<\/p>\n<p>Mundialmente conocido por su pasacalle \u201cSi tu pasas por mi casa\u201d (1957). Tambi\u00e9n compuso \u201cLos Marqueses\u201d, \u201c<em>Un lucero\u201d<\/em>,\u00a0\u201c<em>Mi novia idolatrada\u201d, \u201cOh Teresa\u201d<\/em>\u00a0y\u00a0\u201c<em>Buenas noches amigo m\u00edo\u201d<\/em>.<\/p>\n<p>Para su Coro de Clave compuso\u00a0\u201c<em>Esc\u00fachame\u201d<\/em>\u00a0y la Banda de M\u00fasica y el Vocal Imago le montaron\u00a0\u201c<em>Lluvia de Oro\u201d<\/em>.<\/p>\n<p>En su extenso andar por la m\u00fasica trabaj\u00f3 con Teofilito y en vida tuvo su estatua en el Boulevard de Sancti Spiritus.<\/p>\n<p>Surgido desde lo m\u00e1s humilde Serapio goz\u00f3 del cari\u00f1o y respeto de los espirituanos.<\/p>\n<p>Hombre de infinita bondad, en una tarde-noche de un julio caluroso se hizo eterno, marcando el ritmo con sus nudillos en una mesa mientras tarareaba: \u201cSi t\u00fa pasas por mi casa, y si ves a mi mujer, t\u00fa le dices que hoy no me espere, que yo con Pueblo Nuevo me voy a echar un pie\u201d<\/p>\n<p>&nbsp;<\/p>\n","protected":false},"excerpt":{"rendered":"<p>Gerardo Echemend\u00eda Madrigal, \u201cSerapio\u201d,  naci\u00f3 el 21 de mayo de 1925<\/p>\n","protected":false},"author":163,"featured_media":25976,"comment_status":"open","ping_status":"open","sticky":false,"template":"","format":"standard","meta":{"_acf_changed":false,"footnotes":""},"categories":[1023],"tags":[],"coauthors":[],"class_list":["post-25975","post","type-post","status-publish","format-standard","has-post-thumbnail","hentry","category-el-balcon-del-soto"],"acf":[],"_links":{"self":[{"href":"https:\/\/www.radiosanctispiritus.cu\/es\/wp-json\/wp\/v2\/posts\/25975","targetHints":{"allow":["GET"]}}],"collection":[{"href":"https:\/\/www.radiosanctispiritus.cu\/es\/wp-json\/wp\/v2\/posts"}],"about":[{"href":"https:\/\/www.radiosanctispiritus.cu\/es\/wp-json\/wp\/v2\/types\/post"}],"author":[{"embeddable":true,"href":"https:\/\/www.radiosanctispiritus.cu\/es\/wp-json\/wp\/v2\/users\/163"}],"replies":[{"embeddable":true,"href":"https:\/\/www.radiosanctispiritus.cu\/es\/wp-json\/wp\/v2\/comments?post=25975"}],"version-history":[{"count":0,"href":"https:\/\/www.radiosanctispiritus.cu\/es\/wp-json\/wp\/v2\/posts\/25975\/revisions"}],"wp:featuredmedia":[{"embeddable":true,"href":"https:\/\/www.radiosanctispiritus.cu\/es\/wp-json\/wp\/v2\/media\/25976"}],"wp:attachment":[{"href":"https:\/\/www.radiosanctispiritus.cu\/es\/wp-json\/wp\/v2\/media?parent=25975"}],"wp:term":[{"taxonomy":"category","embeddable":true,"href":"https:\/\/www.radiosanctispiritus.cu\/es\/wp-json\/wp\/v2\/categories?post=25975"},{"taxonomy":"post_tag","embeddable":true,"href":"https:\/\/www.radiosanctispiritus.cu\/es\/wp-json\/wp\/v2\/tags?post=25975"},{"taxonomy":"author","embeddable":true,"href":"https:\/\/www.radiosanctispiritus.cu\/es\/wp-json\/wp\/v2\/coauthors?post=25975"}],"curies":[{"name":"wp","href":"https:\/\/api.w.org\/{rel}","templated":true}]}}