{"id":25972,"date":"2024-05-08T05:00:14","date_gmt":"2024-05-08T09:00:14","guid":{"rendered":"https:\/\/www.radiosanctispiritus.cu\/es\/?p=25972"},"modified":"2024-04-28T17:15:59","modified_gmt":"2024-04-28T21:15:59","slug":"son-cubano-para-el-alma-divertir","status":"publish","type":"post","link":"https:\/\/www.radiosanctispiritus.cu\/es\/son-cubano-para-el-alma-divertir\/","title":{"rendered":"Son cubano, para el alma divertir"},"content":{"rendered":"<p>El 8 de mayo se celebra el d\u00eda del Son cubano.\u00a0Se estableci\u00f3 en Cuba para resaltar esa expresi\u00f3n m\u00fasico-danzaria y en homenaje al legado musical de dos de sus grandes exponentes, Miguel Matamoros y Miguelito Cun\u00ed, ambos nacidos este d\u00eda en distintos a\u00f1os.<\/p>\n<p>\u201cEl son es lo m\u00e1s sublime para el alma divertir, se debiera de morir quien por bueno no lo estime \u201c.<\/p>\n<p>A pesar de los indiscutibles valores y arraigo popular de no pocos g\u00e9neros musicales cubanos, dif\u00edcil ser\u00eda comparar a alguno de ellos con la huella que, a lo largo de muchas d\u00e9cadas, ha dejado el son en la historia de nuestra m\u00fasica y en los mismos cimientos de la cultura cubana.<\/p>\n<p>Mestizo como nuestra nacionalidad, mezcla del blanco y del negro, s\u00edntesis de melod\u00edas y ritmos europeos y africanos, ning\u00fan otro ritmo ha tenido tantos y tan destacados cultores: cantantes, compositores, arreglistas y agrupaciones vocales y orquestales de todo tipo.<\/p>\n<p>El son en sus inicios fue rechazado por la alta sociedad de entonces por ser considerado una m\u00fasica y un baile \u201cindecentes\u201d, dado su mestizaje y su car\u00e1cter eminentemente popular. No obstante, el pueblo lo hizo suyo y desde entonces su avance fue indetenible.<\/p>\n<p>M\u00fasica que naci\u00f3 del pueblo, cubano desde su ra\u00edz montuna hasta sus m\u00e1s contempor\u00e1neas manifestaciones, bailable por excelencia; rey casi absoluto de fiestas campesinas y urbanas: hablar del son equivale a decir \u201c<strong>Cuba\u201d.<\/strong><\/p>\n<p>&nbsp;<\/p>\n","protected":false},"excerpt":{"rendered":"<p>El 8 de mayo se celebra el d\u00eda del Son cubano. Mestizo como nuestra nacionalidad.  Cubano desde su ra\u00edz montuna hasta sus m\u00e1s contempor\u00e1neas manifestaciones.<\/p>\n","protected":false},"author":163,"featured_media":25973,"comment_status":"open","ping_status":"open","sticky":false,"template":"","format":"standard","meta":{"_acf_changed":false,"footnotes":""},"categories":[1023],"tags":[],"coauthors":[],"class_list":["post-25972","post","type-post","status-publish","format-standard","has-post-thumbnail","hentry","category-el-balcon-del-soto"],"acf":[],"_links":{"self":[{"href":"https:\/\/www.radiosanctispiritus.cu\/es\/wp-json\/wp\/v2\/posts\/25972","targetHints":{"allow":["GET"]}}],"collection":[{"href":"https:\/\/www.radiosanctispiritus.cu\/es\/wp-json\/wp\/v2\/posts"}],"about":[{"href":"https:\/\/www.radiosanctispiritus.cu\/es\/wp-json\/wp\/v2\/types\/post"}],"author":[{"embeddable":true,"href":"https:\/\/www.radiosanctispiritus.cu\/es\/wp-json\/wp\/v2\/users\/163"}],"replies":[{"embeddable":true,"href":"https:\/\/www.radiosanctispiritus.cu\/es\/wp-json\/wp\/v2\/comments?post=25972"}],"version-history":[{"count":0,"href":"https:\/\/www.radiosanctispiritus.cu\/es\/wp-json\/wp\/v2\/posts\/25972\/revisions"}],"wp:featuredmedia":[{"embeddable":true,"href":"https:\/\/www.radiosanctispiritus.cu\/es\/wp-json\/wp\/v2\/media\/25973"}],"wp:attachment":[{"href":"https:\/\/www.radiosanctispiritus.cu\/es\/wp-json\/wp\/v2\/media?parent=25972"}],"wp:term":[{"taxonomy":"category","embeddable":true,"href":"https:\/\/www.radiosanctispiritus.cu\/es\/wp-json\/wp\/v2\/categories?post=25972"},{"taxonomy":"post_tag","embeddable":true,"href":"https:\/\/www.radiosanctispiritus.cu\/es\/wp-json\/wp\/v2\/tags?post=25972"},{"taxonomy":"author","embeddable":true,"href":"https:\/\/www.radiosanctispiritus.cu\/es\/wp-json\/wp\/v2\/coauthors?post=25972"}],"curies":[{"name":"wp","href":"https:\/\/api.w.org\/{rel}","templated":true}]}}