{"id":25698,"date":"2024-04-24T23:30:44","date_gmt":"2024-04-25T03:30:44","guid":{"rendered":"https:\/\/www.radiosanctispiritus.cu\/es\/?p=25698"},"modified":"2024-04-24T23:30:44","modified_gmt":"2024-04-25T03:30:44","slug":"decima-y-punto-cubano-sonorizaran-a-sancti-spiritus","status":"publish","type":"post","link":"https:\/\/www.radiosanctispiritus.cu\/es\/decima-y-punto-cubano-sonorizaran-a-sancti-spiritus\/","title":{"rendered":"D\u00e9cima y Punto Cubano sonorizar\u00e1n a Sancti Sp\u00edritus"},"content":{"rendered":"<p>El II Taller de la D\u00e9cima y el Punto Cubano se realizar\u00e1 del 26 al 29 de abril a Sancti Sp\u00edritus, en esta ocasi\u00f3n se dedicar\u00e1 a la escritora Mar\u00eda del Rosario Basso y al m\u00fasico laudista Jorge F\u00e9lix L\u00f3pez.<\/p>\n<audio class=\"wp-audio-shortcode\" id=\"audio-25698-1\" preload=\"none\" style=\"width: 100%;\" controls=\"controls\"><source type=\"audio\/mpeg\" src=\"https:\/\/www.ivoox.com\/lisandra-al-dia-24-4-24_md_128021776_wp_1.mp3?_=1\" \/><a href=\"https:\/\/www.ivoox.com\/lisandra-al-dia-24-4-24_md_128021776_wp_1.mp3\" target=\"_blank\" rel=\"noopener\">https:\/\/www.ivoox.com\/lisandra-al-dia-24-4-24_md_128021776_wp_1.mp3<\/a><\/audio>\n<p>&nbsp;<\/p>\n<p>Para Saily Alba, al frente de la cita, el evento busca visualizar la pr\u00e1ctica del punto cubano y el empleo de la d\u00e9cima como tradici\u00f3n aut\u00f3ctona que nos define como cubano y que en esta parte del centro de la isla pues tiene una tremenda acogida entre los cultores.<\/p>\n<p>Escritores m\u00fasicos y repentistas procedentes de Camag\u00fcey, Ciego de \u00c1vila, La Habana y Sancti Sp\u00edritus asistir\u00e1n a un espacio que prev\u00e9 convertirse en jolgorio.<\/p>\n<p>En las sesiones de trabajo que se realizar\u00e1n en los municipios de Cabaigu\u00e1n, Taguasco y La Sierpe tambi\u00e9n estar\u00e1 participando como anfitriona del evento la Parranda T\u00edpica Espirituana y el Cuarteto Toledo.<\/p>\n","protected":false},"excerpt":{"rendered":"<p>El II Taller de la D\u00e9cima y el Punto Cubano se realizar\u00e1 del 26 al 29 de abril a Sancti Sp\u00edritus, en esta ocasi\u00f3n se dedicar\u00e1 a la escritora Mar\u00eda del Rosario Basso y al m\u00fasico laudista Jorge F\u00e9lix L\u00f3pez.<\/p>\n","protected":false},"author":12,"featured_media":25699,"comment_status":"open","ping_status":"open","sticky":false,"template":"","format":"standard","meta":{"_acf_changed":false,"footnotes":""},"categories":[3,9,8],"tags":[360,1161,531,1163,1162],"coauthors":[],"class_list":["post-25698","post","type-post","status-publish","format-standard","has-post-thumbnail","hentry","category-cuba","category-en-audio","category-noticia","tag-cultura-espirituana","tag-decima","tag-musica","tag-poesia","tag-punto-cubano"],"acf":[],"_links":{"self":[{"href":"https:\/\/www.radiosanctispiritus.cu\/es\/wp-json\/wp\/v2\/posts\/25698","targetHints":{"allow":["GET"]}}],"collection":[{"href":"https:\/\/www.radiosanctispiritus.cu\/es\/wp-json\/wp\/v2\/posts"}],"about":[{"href":"https:\/\/www.radiosanctispiritus.cu\/es\/wp-json\/wp\/v2\/types\/post"}],"author":[{"embeddable":true,"href":"https:\/\/www.radiosanctispiritus.cu\/es\/wp-json\/wp\/v2\/users\/12"}],"replies":[{"embeddable":true,"href":"https:\/\/www.radiosanctispiritus.cu\/es\/wp-json\/wp\/v2\/comments?post=25698"}],"version-history":[{"count":0,"href":"https:\/\/www.radiosanctispiritus.cu\/es\/wp-json\/wp\/v2\/posts\/25698\/revisions"}],"wp:featuredmedia":[{"embeddable":true,"href":"https:\/\/www.radiosanctispiritus.cu\/es\/wp-json\/wp\/v2\/media\/25699"}],"wp:attachment":[{"href":"https:\/\/www.radiosanctispiritus.cu\/es\/wp-json\/wp\/v2\/media?parent=25698"}],"wp:term":[{"taxonomy":"category","embeddable":true,"href":"https:\/\/www.radiosanctispiritus.cu\/es\/wp-json\/wp\/v2\/categories?post=25698"},{"taxonomy":"post_tag","embeddable":true,"href":"https:\/\/www.radiosanctispiritus.cu\/es\/wp-json\/wp\/v2\/tags?post=25698"},{"taxonomy":"author","embeddable":true,"href":"https:\/\/www.radiosanctispiritus.cu\/es\/wp-json\/wp\/v2\/coauthors?post=25698"}],"curies":[{"name":"wp","href":"https:\/\/api.w.org\/{rel}","templated":true}]}}