{"id":25476,"date":"2024-04-20T06:55:42","date_gmt":"2024-04-20T10:55:42","guid":{"rendered":"https:\/\/www.radiosanctispiritus.cu\/es\/?p=25476"},"modified":"2024-04-20T06:55:42","modified_gmt":"2024-04-20T10:55:42","slug":"amplio-plan-de-actividades-en-sancti-spiritus-para-celebrar-este-1ero-de-mayo","status":"publish","type":"post","link":"https:\/\/www.radiosanctispiritus.cu\/es\/amplio-plan-de-actividades-en-sancti-spiritus-para-celebrar-este-1ero-de-mayo\/","title":{"rendered":"Amplio plan de actividades en Sancti Sp\u00edritus para celebrar este 1ero de Mayo"},"content":{"rendered":"<audio class=\"wp-audio-shortcode\" id=\"audio-25476-1\" preload=\"none\" style=\"width: 100%;\" controls=\"controls\"><source type=\"audio\/mpeg\" src=\"https:\/\/www.ivoox.com\/toni-camellon-al-dia-19-4-24_md_127789160_wp_1.mp3?_=1\" \/><a href=\"https:\/\/www.ivoox.com\/toni-camellon-al-dia-19-4-24_md_127789160_wp_1.mp3\" target=\"_blank\" rel=\"noopener\">https:\/\/www.ivoox.com\/toni-camellon-al-dia-19-4-24_md_127789160_wp_1.mp3<\/a><\/audio>\n<p>La Central de Trabajadores de Cuba (CTC)en Sancti Sp\u00edritus realiza un amplio plan de actividades para celebrar el 1ero de Mayo.<\/p>\n<p>En el territorio tendremos desfiles, \u00a0concentraciones y actos en plazas y poblados, \u00a0dentro de la jornada se reconoce \u00a0el papel de la juventud y se \u00a0exigir\u00e1 el cese del genocida bloqueo econ\u00f3mico comercial y financiero que por m\u00e1s de 62 a\u00f1os impone a Cuba el gobierno de Estados Unidos.<\/p>\n<p>Vamos a reafirmar en este 1ero \u00a0de Mayo la decisi\u00f3n de defender la patria como el m\u00e1s grande honor y deber supremo de cada cubano, \u00a0resaltaremos el ideario martiano y fidelista, reconoceremos el valor de nuestros trabajadores que se han crecido en estos momentos decisivos demostrando solidaridad y comprometimiento.<\/p>\n<p>Seguiremos profundizando en la historia del movimiento sindical cubano resaltando la vida y obra de nuestros dirigentes sindicales, \u00a0desarrollaremos recorridos por colectivos con relevantes y sostenidos resultados, se \u00a0intercambiar\u00e1 con H\u00e9roes y Hero\u00ednas del trabajo de la Rep\u00fablica de Cuba, con personalidades de la cultura,\u00a0 glorias del deporte y combatientes.<\/p>\n<p>Los trabajadores ya preparan el engalanamiento y el embellecimiento de los centros, \u00a0la plenaria municipal ser\u00e1 el d\u00eda 24 donde cada uno de los sindicatos reafirmar \u00e1 una vez m\u00e1s que el movimiento obrero \u00a0espirituano est\u00e1 a la vanguardia \u00a0con su lema central \u201cPor Cuba juntos creamos\u201d.<\/p>\n<p>&nbsp;<\/p>\n<p>&nbsp;<\/p>\n<p><strong>\u00a0<\/strong><\/p>\n","protected":false},"excerpt":{"rendered":"<p>La Central de Trabajadores de Cuba (CTC)en Sancti Sp\u00edritus realiza un amplio plan de actividades para celebrar el 1ero de Mayo.<\/p>\n","protected":false},"author":164,"featured_media":25477,"comment_status":"open","ping_status":"open","sticky":false,"template":"","format":"standard","meta":{"_acf_changed":false,"footnotes":""},"categories":[1],"tags":[],"coauthors":[],"class_list":["post-25476","post","type-post","status-publish","format-standard","has-post-thumbnail","hentry","category-sancti-spiritus"],"acf":[],"_links":{"self":[{"href":"https:\/\/www.radiosanctispiritus.cu\/es\/wp-json\/wp\/v2\/posts\/25476","targetHints":{"allow":["GET"]}}],"collection":[{"href":"https:\/\/www.radiosanctispiritus.cu\/es\/wp-json\/wp\/v2\/posts"}],"about":[{"href":"https:\/\/www.radiosanctispiritus.cu\/es\/wp-json\/wp\/v2\/types\/post"}],"author":[{"embeddable":true,"href":"https:\/\/www.radiosanctispiritus.cu\/es\/wp-json\/wp\/v2\/users\/164"}],"replies":[{"embeddable":true,"href":"https:\/\/www.radiosanctispiritus.cu\/es\/wp-json\/wp\/v2\/comments?post=25476"}],"version-history":[{"count":0,"href":"https:\/\/www.radiosanctispiritus.cu\/es\/wp-json\/wp\/v2\/posts\/25476\/revisions"}],"wp:featuredmedia":[{"embeddable":true,"href":"https:\/\/www.radiosanctispiritus.cu\/es\/wp-json\/wp\/v2\/media\/25477"}],"wp:attachment":[{"href":"https:\/\/www.radiosanctispiritus.cu\/es\/wp-json\/wp\/v2\/media?parent=25476"}],"wp:term":[{"taxonomy":"category","embeddable":true,"href":"https:\/\/www.radiosanctispiritus.cu\/es\/wp-json\/wp\/v2\/categories?post=25476"},{"taxonomy":"post_tag","embeddable":true,"href":"https:\/\/www.radiosanctispiritus.cu\/es\/wp-json\/wp\/v2\/tags?post=25476"},{"taxonomy":"author","embeddable":true,"href":"https:\/\/www.radiosanctispiritus.cu\/es\/wp-json\/wp\/v2\/coauthors?post=25476"}],"curies":[{"name":"wp","href":"https:\/\/api.w.org\/{rel}","templated":true}]}}