{"id":25446,"date":"2024-04-19T20:47:18","date_gmt":"2024-04-20T00:47:18","guid":{"rendered":"https:\/\/www.radiosanctispiritus.cu\/es\/?p=25446"},"modified":"2024-04-19T20:51:46","modified_gmt":"2024-04-20T00:51:46","slug":"flora-y-fauna-repite-condicion-de-vanguardia-nacional","status":"publish","type":"post","link":"https:\/\/www.radiosanctispiritus.cu\/es\/flora-y-fauna-repite-condicion-de-vanguardia-nacional\/","title":{"rendered":"Flora y Fauna repite condici\u00f3n de Vanguardia Nacional"},"content":{"rendered":"<p>La Empresa Flora y Fauna Sancti Sp\u00edritus ratific\u00f3 la condici\u00f3n de colectivo Vanguardia Nacional del Sindicato de Trabajadores Agropecuarios y Forestales, m\u00e9rito que logra por 31 a\u00f1os consecutivos.<\/p>\n<p>Es la \u00fanica entidad u organismo de la provincia que logra el suceso, con razones primordiales en la unidad de todos los trabajadores en aras del cumplimiento de los principales compromisos: conservaci\u00f3n de la flora y la fauna, producci\u00f3n, turismo de naturaleza y apoyo a obras con impacto en la sociedad, fundamentalmente en la salud y la educaci\u00f3n.<\/p>\n<div id=\"attachment_25450\" style=\"width: 610px\" class=\"wp-caption alignnone\"><img decoding=\"async\" aria-describedby=\"caption-attachment-25450\" class=\"size-medium wp-image-25450\" src=\"https:\/\/www.radiosanctispiritus.cu\/es\/wp-content\/uploads\/FF2-600x400.jpg\" alt=\"\" width=\"600\" height=\"400\" srcset=\"https:\/\/www.radiosanctispiritus.cu\/es\/wp-content\/uploads\/FF2-600x400.jpg 600w, https:\/\/www.radiosanctispiritus.cu\/es\/wp-content\/uploads\/FF2-1024x683.jpg 1024w, https:\/\/www.radiosanctispiritus.cu\/es\/wp-content\/uploads\/FF2-768x512.jpg 768w, https:\/\/www.radiosanctispiritus.cu\/es\/wp-content\/uploads\/FF2-1536x1024.jpg 1536w, https:\/\/www.radiosanctispiritus.cu\/es\/wp-content\/uploads\/FF2-2048x1365.jpg 2048w\" sizes=\"(max-width: 600px) 100vw, 600px\" \/><p id=\"caption-attachment-25450\" class=\"wp-caption-text\">Una representaci\u00f3n de trabajadores de la entidad particip\u00f3 en la ceremonia de entrega del estandarte.<\/p><\/div>\n<div id=\"attachment_25452\" style=\"width: 610px\" class=\"wp-caption alignnone\"><img decoding=\"async\" aria-describedby=\"caption-attachment-25452\" class=\"size-medium wp-image-25452\" src=\"https:\/\/www.radiosanctispiritus.cu\/es\/wp-content\/uploads\/FF3-600x533.jpg\" alt=\"\" width=\"600\" height=\"533\" srcset=\"https:\/\/www.radiosanctispiritus.cu\/es\/wp-content\/uploads\/FF3-600x533.jpg 600w, https:\/\/www.radiosanctispiritus.cu\/es\/wp-content\/uploads\/FF3-1024x909.jpg 1024w, https:\/\/www.radiosanctispiritus.cu\/es\/wp-content\/uploads\/FF3-768x682.jpg 768w, https:\/\/www.radiosanctispiritus.cu\/es\/wp-content\/uploads\/FF3-1536x1364.jpg 1536w, https:\/\/www.radiosanctispiritus.cu\/es\/wp-content\/uploads\/FF3-2048x1818.jpg 2048w\" sizes=\"(max-width: 600px) 100vw, 600px\" \/><p id=\"caption-attachment-25452\" class=\"wp-caption-text\">Los momentos culturales protagonizados por ni\u00f1os matizaron la ceremonia.<\/p><\/div>\n<div id=\"attachment_25454\" style=\"width: 610px\" class=\"wp-caption alignnone\"><img decoding=\"async\" aria-describedby=\"caption-attachment-25454\" class=\"size-medium wp-image-25454\" src=\"https:\/\/www.radiosanctispiritus.cu\/es\/wp-content\/uploads\/FF4-600x469.jpg\" alt=\"\" width=\"600\" height=\"469\" srcset=\"https:\/\/www.radiosanctispiritus.cu\/es\/wp-content\/uploads\/FF4-600x469.jpg 600w, https:\/\/www.radiosanctispiritus.cu\/es\/wp-content\/uploads\/FF4-1024x800.jpg 1024w, https:\/\/www.radiosanctispiritus.cu\/es\/wp-content\/uploads\/FF4-768x600.jpg 768w, https:\/\/www.radiosanctispiritus.cu\/es\/wp-content\/uploads\/FF4-1536x1200.jpg 1536w, https:\/\/www.radiosanctispiritus.cu\/es\/wp-content\/uploads\/FF4-2048x1600.jpg 2048w\" sizes=\"(max-width: 600px) 100vw, 600px\" \/><p id=\"caption-attachment-25454\" class=\"wp-caption-text\">La conservaci\u00f3n de la fauna, una actividad vital.<\/p><\/div>\n<div id=\"attachment_25456\" style=\"width: 610px\" class=\"wp-caption alignnone\"><img decoding=\"async\" aria-describedby=\"caption-attachment-25456\" class=\"size-medium wp-image-25456\" src=\"https:\/\/www.radiosanctispiritus.cu\/es\/wp-content\/uploads\/FF51-600x501.jpg\" alt=\"\" width=\"600\" height=\"501\" srcset=\"https:\/\/www.radiosanctispiritus.cu\/es\/wp-content\/uploads\/FF51-600x501.jpg 600w, https:\/\/www.radiosanctispiritus.cu\/es\/wp-content\/uploads\/FF51-1024x856.jpg 1024w, https:\/\/www.radiosanctispiritus.cu\/es\/wp-content\/uploads\/FF51-768x642.jpg 768w, https:\/\/www.radiosanctispiritus.cu\/es\/wp-content\/uploads\/FF51-1536x1283.jpg 1536w, https:\/\/www.radiosanctispiritus.cu\/es\/wp-content\/uploads\/FF51-2048x1711.jpg 2048w\" sizes=\"(max-width: 600px) 100vw, 600px\" \/><p id=\"caption-attachment-25456\" class=\"wp-caption-text\">LA protecci\u00f3n de la vida animal, uno de los m\u00e9ritos de Flora y Fauna Sancti Sp\u00edritus<\/p><\/div>\n","protected":false},"excerpt":{"rendered":"<p>La Empresa Flora y Fauna Sancti Sp\u00edritus ratific\u00f3 la condici\u00f3n de colectivo Vanguardia Nacional del Sindicato de Trabajadores Agropecuarios y Forestales, m\u00e9rito que logra por 31 a\u00f1os consecutivos.<\/p>\n","protected":false},"author":15,"featured_media":25447,"comment_status":"open","ping_status":"open","sticky":false,"template":"","format":"standard","meta":{"_acf_changed":false,"footnotes":""},"categories":[9,11,8,1],"tags":[408,246],"coauthors":[],"class_list":["post-25446","post","type-post","status-publish","format-standard","has-post-thumbnail","hentry","category-en-audio","category-fotorreportaje","category-noticia","category-sancti-spiritus","tag-ctc","tag-flora-y-fauna"],"acf":[],"_links":{"self":[{"href":"https:\/\/www.radiosanctispiritus.cu\/es\/wp-json\/wp\/v2\/posts\/25446","targetHints":{"allow":["GET"]}}],"collection":[{"href":"https:\/\/www.radiosanctispiritus.cu\/es\/wp-json\/wp\/v2\/posts"}],"about":[{"href":"https:\/\/www.radiosanctispiritus.cu\/es\/wp-json\/wp\/v2\/types\/post"}],"author":[{"embeddable":true,"href":"https:\/\/www.radiosanctispiritus.cu\/es\/wp-json\/wp\/v2\/users\/15"}],"replies":[{"embeddable":true,"href":"https:\/\/www.radiosanctispiritus.cu\/es\/wp-json\/wp\/v2\/comments?post=25446"}],"version-history":[{"count":0,"href":"https:\/\/www.radiosanctispiritus.cu\/es\/wp-json\/wp\/v2\/posts\/25446\/revisions"}],"wp:featuredmedia":[{"embeddable":true,"href":"https:\/\/www.radiosanctispiritus.cu\/es\/wp-json\/wp\/v2\/media\/25447"}],"wp:attachment":[{"href":"https:\/\/www.radiosanctispiritus.cu\/es\/wp-json\/wp\/v2\/media?parent=25446"}],"wp:term":[{"taxonomy":"category","embeddable":true,"href":"https:\/\/www.radiosanctispiritus.cu\/es\/wp-json\/wp\/v2\/categories?post=25446"},{"taxonomy":"post_tag","embeddable":true,"href":"https:\/\/www.radiosanctispiritus.cu\/es\/wp-json\/wp\/v2\/tags?post=25446"},{"taxonomy":"author","embeddable":true,"href":"https:\/\/www.radiosanctispiritus.cu\/es\/wp-json\/wp\/v2\/coauthors?post=25446"}],"curies":[{"name":"wp","href":"https:\/\/api.w.org\/{rel}","templated":true}]}}