{"id":25228,"date":"2024-04-16T13:12:42","date_gmt":"2024-04-16T17:12:42","guid":{"rendered":"https:\/\/www.radiosanctispiritus.cu\/es\/?p=25228"},"modified":"2024-04-16T13:12:42","modified_gmt":"2024-04-16T17:12:42","slug":"desarrolla-asociacion-de-combatientes-en-sancti-spiritus-actividades-en-la-jornada-por-la-victoria-de-playa-giron","status":"publish","type":"post","link":"https:\/\/www.radiosanctispiritus.cu\/es\/desarrolla-asociacion-de-combatientes-en-sancti-spiritus-actividades-en-la-jornada-por-la-victoria-de-playa-giron\/","title":{"rendered":"Desarrolla Asociaci\u00f3n de Combatientes en Sancti Sp\u00edritus actividades en la jornada por la victoria de Playa Gir\u00f3n"},"content":{"rendered":"<p>La Asociaci\u00f3n de Combatientes de la Revoluci\u00f3n cubana en Sancti Spiritus desarrolla un grupo de actividades en conmemoraci\u00f3n a la Jornada por la victoria de Playa Gir\u00f3n.<\/p>\n<audio class=\"wp-audio-shortcode\" id=\"audio-25228-1\" preload=\"none\" style=\"width: 100%;\" controls=\"controls\"><source type=\"audio\/mpeg\" src=\"https:\/\/www.ivoox.com\/toni-camellon-clo-16-4-24_md_127587906_wp_1.mp3?_=1\" \/><a href=\"https:\/\/www.ivoox.com\/toni-camellon-clo-16-4-24_md_127587906_wp_1.mp3\" target=\"_blank\" rel=\"noopener\">https:\/\/www.ivoox.com\/toni-camellon-clo-16-4-24_md_127587906_wp_1.mp3<\/a><\/audio>\n<p>&nbsp;<\/p>\n","protected":false},"excerpt":{"rendered":"<p>La Asociaci\u00f3n de Combatientes de la Revoluci\u00f3n cubana en Sancti Spiritus desarrolla un grupo de actividades en conmemoraci\u00f3n a la Jornada por la victoria de Playa Gir\u00f3n. &nbsp;<\/p>\n","protected":false},"author":164,"featured_media":25229,"comment_status":"open","ping_status":"open","sticky":false,"template":"","format":"standard","meta":{"_acf_changed":false,"footnotes":""},"categories":[1],"tags":[],"coauthors":[],"class_list":["post-25228","post","type-post","status-publish","format-standard","has-post-thumbnail","hentry","category-sancti-spiritus"],"acf":[],"_links":{"self":[{"href":"https:\/\/www.radiosanctispiritus.cu\/es\/wp-json\/wp\/v2\/posts\/25228","targetHints":{"allow":["GET"]}}],"collection":[{"href":"https:\/\/www.radiosanctispiritus.cu\/es\/wp-json\/wp\/v2\/posts"}],"about":[{"href":"https:\/\/www.radiosanctispiritus.cu\/es\/wp-json\/wp\/v2\/types\/post"}],"author":[{"embeddable":true,"href":"https:\/\/www.radiosanctispiritus.cu\/es\/wp-json\/wp\/v2\/users\/164"}],"replies":[{"embeddable":true,"href":"https:\/\/www.radiosanctispiritus.cu\/es\/wp-json\/wp\/v2\/comments?post=25228"}],"version-history":[{"count":0,"href":"https:\/\/www.radiosanctispiritus.cu\/es\/wp-json\/wp\/v2\/posts\/25228\/revisions"}],"wp:featuredmedia":[{"embeddable":true,"href":"https:\/\/www.radiosanctispiritus.cu\/es\/wp-json\/wp\/v2\/media\/25229"}],"wp:attachment":[{"href":"https:\/\/www.radiosanctispiritus.cu\/es\/wp-json\/wp\/v2\/media?parent=25228"}],"wp:term":[{"taxonomy":"category","embeddable":true,"href":"https:\/\/www.radiosanctispiritus.cu\/es\/wp-json\/wp\/v2\/categories?post=25228"},{"taxonomy":"post_tag","embeddable":true,"href":"https:\/\/www.radiosanctispiritus.cu\/es\/wp-json\/wp\/v2\/tags?post=25228"},{"taxonomy":"author","embeddable":true,"href":"https:\/\/www.radiosanctispiritus.cu\/es\/wp-json\/wp\/v2\/coauthors?post=25228"}],"curies":[{"name":"wp","href":"https:\/\/api.w.org\/{rel}","templated":true}]}}